{"id":1456,"date":"2025-01-06T12:42:50","date_gmt":"2025-01-06T12:42:50","guid":{"rendered":"https:\/\/ikimisli.tr\/?p=1456"},"modified":"2025-01-06T12:42:50","modified_gmt":"2025-01-06T12:42:50","slug":"onemli-bir-gelisme-kesimhanelere-kamera-zorunlulugu-geliyor","status":"publish","type":"post","link":"https:\/\/ikimisli.tr\/index.php\/2025\/01\/06\/onemli-bir-gelisme-kesimhanelere-kamera-zorunlulugu-geliyor\/","title":{"rendered":"\u00d6nemli bir geli\u015fme: Kesimhanelere kamera zorunlulu\u011fu geliyor"},"content":{"rendered":"<p>Kesimhanelere Kamera Mecburili\u011fi Geliyor: Tar\u0131m ve Orman Bakanl\u0131\u011f\u0131 Yeni Y\u00f6netmeli\u011fi Duyurdu<\/p>\n<p>Tar\u0131m ve Orman Bakan\u0131 \u0130brahim Yumakl\u0131, hayvansal besin \u00fcretiminde g\u00fcvenli\u011fi art\u0131rmak emeliyle kesimhanelerde g\u00f6r\u00fcnt\u00fcleme sistemlerinin mecbur\u00ee h\u00e2le getirilece\u011fini a\u00e7\u0131klad\u0131. Bakan Yumakl\u0131, yeni y\u00f6netmeli\u011fin k\u0131sa m\u00fchlet i\u00e7inde yay\u0131mlanarak y\u00fcr\u00fcrl\u00fc\u011fe girece\u011fini belirtti.<\/p>\n<p><b>Bakanl\u0131k Harekete Ge\u00e7ti: At ve E\u015fek Eti Skandallar\u0131 Sonras\u0131 Yeni D\u00fczenleme<\/b><\/p>\n<p>Tar\u0131m ve Orman Bakanl\u0131\u011f\u0131\u2019n\u0131n yapt\u0131\u011f\u0131 kontrollerde birtak\u0131m markalar\u0131n eserlerinde at ve e\u015fek eti tespit edilmesi, besin g\u00fcvenli\u011fi konusunda yeni ad\u0131mlar at\u0131lmas\u0131na neden oldu. \u201cHayvansal Besinler \u0130\u00e7in \u00d6zel Hijyen Kurallar\u0131 Y\u00f6netmeli\u011fi\u201d g\u00fcncellenerek kesimhanelere kamera sistemi kurulmas\u0131n\u0131 mecbur\u00ee k\u0131lan bir d\u00fczenleme haz\u0131rland\u0131.<\/p>\n<p><b>Bakan Yumakl\u0131: \u201cT\u00fcm \u0130\u015flem Basamaklar\u0131 Anl\u0131k Takip Edilecek\u201d<\/b><\/p>\n<p>T\u00fcrkiye gazetesine a\u00e7\u0131klamalarda bulunan Bakan Yumakl\u0131, yeni y\u00f6netmelikle kesimhanelerdeki t\u00fcm s\u00fcre\u00e7 basamaklar\u0131n\u0131n kay\u0131t alt\u0131na al\u0131naca\u011f\u0131n\u0131 s\u00f6yledi. Yumakl\u0131, g\u00f6r\u00fcnt\u00fcleme sistemlerinin Bakanl\u0131k taraf\u0131ndan canl\u0131 olarak izlenebilece\u011fini vurgulayarak \u015fu s\u00f6zlere yer verdi:<\/p>\n<p>\u201cKesimhanelerde hayvan bekleme alanlar\u0131ndan kesim alanlar\u0131na kadar t\u00fcm noktalar\u0131n y\u00fcksek \u00e7\u00f6z\u00fcn\u00fcrl\u00fckl\u00fc kameralarla izlenmesini sa\u011flayaca\u011f\u0131z. Bu sistemlerle hem hayvan refah\u0131 hem de hijyen kurallar\u0131 daima ve nizaml\u0131 olarak takip edilecek.\u201d<\/p>\n<p><b>Belgesiz Kesimhane Faaliyet G\u00f6steremeyecek<\/b><\/p>\n<p>Y\u00f6netmelik kapsam\u0131nda onay evrak\u0131 bulunmayan kesimhanelere faaliyet m\u00fcsaadesi verilmeyece\u011fini belirten Yumakl\u0131, kesimhanelerde \u00e7al\u0131\u015fan i\u015f\u00e7inin davran\u0131\u015flar\u0131n\u0131n da kay\u0131t alt\u0131na al\u0131naca\u011f\u0131n\u0131 s\u00f6z etti.<\/p>\n<p><b>Yeni Kamera Sistemi ile Neler Sa\u011flanacak?<\/b><\/p>\n<p>Bakan Yumakl\u0131, g\u00f6r\u00fcnt\u00fcleme sistemiyle hedeflenen d\u00fczenlemeleri \u015f\u00f6yle a\u00e7\u0131klad\u0131:<\/p>\n<p>Kulak k\u00fcpesi olmayan hayvanlar\u0131n k\u0131sm\u0131 engellenecek.<\/p>\n<p>Bakanl\u0131k taraf\u0131ndan bildirilen g\u00fcn ve saatler d\u0131\u015f\u0131nda kesim yap\u0131lamayacak.<\/p>\n<p>Hayvan refah\u0131 ve hijyen kurallar\u0131na uygun kesim s\u00fcre\u00e7leri takip edilecek.<\/p>\n<p>Yumakl\u0131, bu d\u00fczenlemenin besin g\u00fcvenli\u011fi ve hayvan refah\u0131 konusundaki \u00e7al\u0131\u015fmalar\u0131n bir kesimi oldu\u011funu belirtti ve \u201cBu y\u0131l kesimhanelere kamera sistemi kurulmas\u0131n\u0131 zarur\u00ee h\u00e2le getirece\u011fiz\u201d dedi.<\/p>\n","protected":false},"excerpt":{"rendered":"<p>Tar\u0131m ve Orman Bakan\u0131 \u0130brahim Yumakl\u0131, hayvansal besin \u00fcretiminde g\u00fcvenli\u011fi art\u0131rmak maksad\u0131yla kesimhanelerde g\u00f6r\u00fcnt\u00fcleme sistemlerinin mecbur\u00ee h\u00e2le getirilece\u011fini a\u00e7\u0131klad\u0131.<\/p>\n","protected":false},"author":1,"featured_media":1457,"comment_status":"open","ping_status":"open","sticky":false,"template":"","format":"standard","meta":{"footnotes":""},"categories":[24],"tags":[262,263,265,48,264],"class_list":["post-1456","post","type-post","status-publish","format-standard","has-post-thumbnail","hentry","category-ekonomi","tag-bakan","tag-hayvan","tag-kamera","tag-kesim","tag-yumakli"],"_links":{"self":[{"href":"https:\/\/ikimisli.tr\/index.php\/wp-json\/wp\/v2\/posts\/1456","targetHints":{"allow":["GET"]}}],"collection":[{"href":"https:\/\/ikimisli.tr\/index.php\/wp-json\/wp\/v2\/posts"}],"about":[{"href":"https:\/\/ikimisli.tr\/index.php\/wp-json\/wp\/v2\/types\/post"}],"author":[{"embeddable":true,"href":"https:\/\/ikimisli.tr\/index.php\/wp-json\/wp\/v2\/users\/1"}],"replies":[{"embeddable":true,"href":"https:\/\/ikimisli.tr\/index.php\/wp-json\/wp\/v2\/comments?post=1456"}],"version-history":[{"count":1,"href":"https:\/\/ikimisli.tr\/index.php\/wp-json\/wp\/v2\/posts\/1456\/revisions"}],"predecessor-version":[{"id":1458,"href":"https:\/\/ikimisli.tr\/index.php\/wp-json\/wp\/v2\/posts\/1456\/revisions\/1458"}],"wp:featuredmedia":[{"embeddable":true,"href":"https:\/\/ikimisli.tr\/index.php\/wp-json\/wp\/v2\/media\/1457"}],"wp:attachment":[{"href":"https:\/\/ikimisli.tr\/index.php\/wp-json\/wp\/v2\/media?parent=1456"}],"wp:term":[{"taxonomy":"category","embeddable":true,"href":"https:\/\/ikimisli.tr\/index.php\/wp-json\/wp\/v2\/categories?post=1456"},{"taxonomy":"post_tag","embeddable":true,"href":"https:\/\/ikimisli.tr\/index.php\/wp-json\/wp\/v2\/tags?post=1456"}],"curies":[{"name":"wp","href":"https:\/\/api.w.org\/{rel}","templated":true}]}}