{"id":14589,"date":"2025-02-26T06:48:08","date_gmt":"2025-02-26T06:48:08","guid":{"rendered":"https:\/\/ikimisli.tr\/?p=14589"},"modified":"2025-02-26T06:48:08","modified_gmt":"2025-02-26T06:48:08","slug":"beyoglunda-yangin-panigi-dumanlar-gokyuzunu-sardi","status":"publish","type":"post","link":"https:\/\/ikimisli.tr\/index.php\/2025\/02\/26\/beyoglunda-yangin-panigi-dumanlar-gokyuzunu-sardi\/","title":{"rendered":"Beyo\u011flu&#8217;nda yang\u0131n pani\u011fi: Dumanlar g\u00f6ky\u00fcz\u00fcn\u00fc sard\u0131"},"content":{"rendered":"<p>Beyo\u011flu&#8217;nda \u0130stiklal Mahallesi&#8217;nde bulunan bir binada yang\u0131n \u00e7\u0131kt\u0131.<\/p>\n<p><img decoding=\"async\" src=\"https:\/\/ikimisli.tr\/wp-content\/uploads\/2025\/02\/beyoglunda-yangin-panigi-dumanlar-gokyuzunu-sardi-0-JUdDZIZt.jpg\"\/><\/p>\n<p>Yang\u0131n \u0130stanbul&#8217;un bir\u00e7ok noktas\u0131ndan g\u00f6r\u00fcl\u00fcrken, olay yerine \u00e7ok say\u0131da itfaiye ve s\u0131hhat grubu sevk edildi. Tak\u0131mlar\u0131n yang\u0131na m\u00fcdahalesi s\u00fcr\u00fcyor.\u00a0<\/p>\n","protected":false},"excerpt":{"rendered":"<p>\u0130stanbul Beyo\u011flu&#8217;nda bir binada yang\u0131n \u00e7\u0131kt\u0131. Yang\u0131n kentin pek \u00e7ok noktas\u0131ndan g\u00f6r\u00fcl\u00fcyor. Alevlere m\u00fcdahale devam ediyor.<\/p>\n","protected":false},"author":1,"featured_media":14590,"comment_status":"open","ping_status":"open","sticky":false,"template":"","format":"standard","meta":{"footnotes":""},"categories":[25],"tags":[],"class_list":["post-14589","post","type-post","status-publish","format-standard","has-post-thumbnail","hentry","category-gundem"],"_links":{"self":[{"href":"https:\/\/ikimisli.tr\/index.php\/wp-json\/wp\/v2\/posts\/14589","targetHints":{"allow":["GET"]}}],"collection":[{"href":"https:\/\/ikimisli.tr\/index.php\/wp-json\/wp\/v2\/posts"}],"about":[{"href":"https:\/\/ikimisli.tr\/index.php\/wp-json\/wp\/v2\/types\/post"}],"author":[{"embeddable":true,"href":"https:\/\/ikimisli.tr\/index.php\/wp-json\/wp\/v2\/users\/1"}],"replies":[{"embeddable":true,"href":"https:\/\/ikimisli.tr\/index.php\/wp-json\/wp\/v2\/comments?post=14589"}],"version-history":[{"count":1,"href":"https:\/\/ikimisli.tr\/index.php\/wp-json\/wp\/v2\/posts\/14589\/revisions"}],"predecessor-version":[{"id":14592,"href":"https:\/\/ikimisli.tr\/index.php\/wp-json\/wp\/v2\/posts\/14589\/revisions\/14592"}],"wp:featuredmedia":[{"embeddable":true,"href":"https:\/\/ikimisli.tr\/index.php\/wp-json\/wp\/v2\/media\/14590"}],"wp:attachment":[{"href":"https:\/\/ikimisli.tr\/index.php\/wp-json\/wp\/v2\/media?parent=14589"}],"wp:term":[{"taxonomy":"category","embeddable":true,"href":"https:\/\/ikimisli.tr\/index.php\/wp-json\/wp\/v2\/categories?post=14589"},{"taxonomy":"post_tag","embeddable":true,"href":"https:\/\/ikimisli.tr\/index.php\/wp-json\/wp\/v2\/tags?post=14589"}],"curies":[{"name":"wp","href":"https:\/\/api.w.org\/{rel}","templated":true}]}}