{"id":14671,"date":"2025-02-26T14:00:12","date_gmt":"2025-02-26T14:00:12","guid":{"rendered":"https:\/\/ikimisli.tr\/?p=14671"},"modified":"2025-02-26T14:00:12","modified_gmt":"2025-02-26T14:00:12","slug":"iyi-partili-kahramanmaras-caglayancerit-belediye-baskani-yemliha-goktas-istifa-etti","status":"publish","type":"post","link":"https:\/\/ikimisli.tr\/index.php\/2025\/02\/26\/iyi-partili-kahramanmaras-caglayancerit-belediye-baskani-yemliha-goktas-istifa-etti\/","title":{"rendered":"\u0130yi Partili Kahramanmara\u015f \u00c7a\u011flayancerit Belediye Ba\u015fkan\u0131 Yemliha G\u00f6kta\u015f istifa etti"},"content":{"rendered":"<p>\u0130yi Partili Kahramanmara\u015f \u00c7a\u011flayancerit Belediye Ba\u015fkan\u0131 Yemliha G\u00f6kta\u015f X \u00fczerinden yapt\u0131\u011f\u0131 payla\u015f\u0131mla partisinden istifa etti.<\/p>\n<p>G\u00f6kta\u015f istifas\u0131nda \u015fu s\u00f6zleri kaydetti:<\/p>\n<p>&#8220;Bug\u00fcn \u00c7a\u011flayancerit\u2019imizin gelece\u011fine dair de\u011ferli bir karar\u0131m\u0131 siz pahal\u0131 hem\u015fehrilerimle payla\u015fmak istiyorum. \u0130l\u00e7emizde b\u00fct\u00fcnle\u015ftirici \u00a0ve kapsaml\u0131 bir birliktelik ismine, mensubu oldu\u011fum D\u00dcZG\u00dcN Parti\u2019den istifa etme karar\u0131 alm\u0131\u015f bulunmaktay\u0131m.<\/p>\n<p>Siyasi ayr\u0131l\u0131klar ve kutupla\u015fmalar yerine hizmetlerin, yat\u0131r\u0131mlar\u0131n ve \u00c7a\u011flayancerit&#8217;in gelece\u011finin konu\u015fulmas\u0131na imkan sa\u011flamak ismine ba\u011f\u0131ms\u0131z ve birle\u015ftirici bir siyaset \u015feklinin yararl\u0131 olaca\u011f\u0131 kanaatindeyim. Ald\u0131\u011f\u0131m\u0131z karar en ince detay\u0131na kadar d\u00fc\u015f\u00fcn\u00fcl\u00fcp halk\u0131m\u0131z\u0131n g\u00f6r\u00fc\u015fleri ile desteklenmi\u015ftir. Bu mevzuda bizlere takviye veren ve b\u00fcy\u00fck tevecc\u00fch g\u00f6steren hem\u015fehrilerime te\u015fekk\u00fcr eder, g\u00fczel olmas\u0131n\u0131 dilerim.&#8221;<\/p>\n<p>https:\/\/twitter.com\/yemlihagoktas\/status\/1881315533921943810<\/p>\n","protected":false},"excerpt":{"rendered":"<p>G\u00fczel Partili Kahramanmara\u015f \u00c7a\u011flayancerit Belediye Ba\u015fkan\u0131 Yemliha G\u00f6kta\u015f istifa etti. G\u00f6kta\u015f istifas\u0131nda, &#8220;\u0130l\u00e7emizde b\u00fct\u00fcnle\u015ftirici  ve kapsaml\u0131 bir birliktelik ismine, mensubu oldu\u011fum G\u00dcZEL Parti\u2019den istifa etme karar\u0131 alm\u0131\u015f bulunmaktay\u0131m&#8221; dedi.<\/p>\n","protected":false},"author":1,"featured_media":14673,"comment_status":"open","ping_status":"open","sticky":false,"template":"","format":"standard","meta":{"footnotes":""},"categories":[25],"tags":[],"class_list":["post-14671","post","type-post","status-publish","format-standard","has-post-thumbnail","hentry","category-gundem"],"_links":{"self":[{"href":"https:\/\/ikimisli.tr\/index.php\/wp-json\/wp\/v2\/posts\/14671","targetHints":{"allow":["GET"]}}],"collection":[{"href":"https:\/\/ikimisli.tr\/index.php\/wp-json\/wp\/v2\/posts"}],"about":[{"href":"https:\/\/ikimisli.tr\/index.php\/wp-json\/wp\/v2\/types\/post"}],"author":[{"embeddable":true,"href":"https:\/\/ikimisli.tr\/index.php\/wp-json\/wp\/v2\/users\/1"}],"replies":[{"embeddable":true,"href":"https:\/\/ikimisli.tr\/index.php\/wp-json\/wp\/v2\/comments?post=14671"}],"version-history":[{"count":1,"href":"https:\/\/ikimisli.tr\/index.php\/wp-json\/wp\/v2\/posts\/14671\/revisions"}],"predecessor-version":[{"id":14674,"href":"https:\/\/ikimisli.tr\/index.php\/wp-json\/wp\/v2\/posts\/14671\/revisions\/14674"}],"wp:featuredmedia":[{"embeddable":true,"href":"https:\/\/ikimisli.tr\/index.php\/wp-json\/wp\/v2\/media\/14673"}],"wp:attachment":[{"href":"https:\/\/ikimisli.tr\/index.php\/wp-json\/wp\/v2\/media?parent=14671"}],"wp:term":[{"taxonomy":"category","embeddable":true,"href":"https:\/\/ikimisli.tr\/index.php\/wp-json\/wp\/v2\/categories?post=14671"},{"taxonomy":"post_tag","embeddable":true,"href":"https:\/\/ikimisli.tr\/index.php\/wp-json\/wp\/v2\/tags?post=14671"}],"curies":[{"name":"wp","href":"https:\/\/api.w.org\/{rel}","templated":true}]}}