{"id":14739,"date":"2025-02-26T19:24:07","date_gmt":"2025-02-26T19:24:07","guid":{"rendered":"https:\/\/ikimisli.tr\/?p=14739"},"modified":"2025-02-26T19:24:07","modified_gmt":"2025-02-26T19:24:07","slug":"solskjaer-topbasi-yapti","status":"publish","type":"post","link":"https:\/\/ikimisli.tr\/index.php\/2025\/02\/26\/solskjaer-topbasi-yapti\/","title":{"rendered":"Solskjaer topba\u015f\u0131 yapt\u0131"},"content":{"rendered":"<p>Be\u015fikta\u015f&#8217;\u0131n yeni teknik y\u00f6neticisi Solskjaersiyah-beyazl\u0131 ekiple birinci idman\u0131na \u00e7\u0131kt\u0131. Siyah-beyazl\u0131 kul\u00fcpten yap\u0131lan a\u00e7\u0131klamaya nazaran, BJK Nevzat Demir Tesisleri&#8217;nde Ole Gunnar Solskjaer idaresinde yap\u0131lan antrenman, kondisyon ve taktik \u00e7al\u0131\u015fmas\u0131 olarak ger\u00e7ekle\u015ftirildi.<\/p>\n<p>Antrenman, \u0131s\u0131nma ko\u015fular\u0131 ve 5&#8217;e 2 pas \u00e7al\u0131\u015fmas\u0131yla ba\u015flarken, Muhte\u015fem Lig&#8217;in 20. haftas\u0131nda Reeder Samsunspor ma\u00e7\u0131nda forma giyen futbolcular salonda yenilenme \u00e7al\u0131\u015fmas\u0131 yaparak g\u00fcn\u00fc tamamlad\u0131.<\/p>\n<p>\u0130dman, taktik \u00e7al\u0131\u015fman\u0131n akabinde oynanan \u00e7ift kale ma\u00e7larla sona erdi.<\/p>\n<p>Be\u015fikta\u015f, \u0130spanyol grubuyla oynayaca\u011f\u0131 ma\u00e7\u0131n haz\u0131rl\u0131klar\u0131n\u0131, yar\u0131n yapaca\u011f\u0131 idmanla tamamlayacak.<\/p>\n","protected":false},"excerpt":{"rendered":"<p>\u00c7ar\u015famba g\u00fcn\u00fc \u0130spanyol temsilcisi Athletic Bilbao ile alan\u0131nda kar\u015f\u0131la\u015facak Be\u015fikta\u015f&#8217;\u0131n yeni teknik y\u00f6neticisi Ole Gunnar Solskjaer, siyah-beyazl\u0131 kadroyla birinci idman\u0131na \u00e7\u0131kt\u0131.<\/p>\n","protected":false},"author":1,"featured_media":14740,"comment_status":"open","ping_status":"open","sticky":false,"template":"","format":"standard","meta":{"footnotes":""},"categories":[30],"tags":[],"class_list":["post-14739","post","type-post","status-publish","format-standard","has-post-thumbnail","hentry","category-spor"],"_links":{"self":[{"href":"https:\/\/ikimisli.tr\/index.php\/wp-json\/wp\/v2\/posts\/14739","targetHints":{"allow":["GET"]}}],"collection":[{"href":"https:\/\/ikimisli.tr\/index.php\/wp-json\/wp\/v2\/posts"}],"about":[{"href":"https:\/\/ikimisli.tr\/index.php\/wp-json\/wp\/v2\/types\/post"}],"author":[{"embeddable":true,"href":"https:\/\/ikimisli.tr\/index.php\/wp-json\/wp\/v2\/users\/1"}],"replies":[{"embeddable":true,"href":"https:\/\/ikimisli.tr\/index.php\/wp-json\/wp\/v2\/comments?post=14739"}],"version-history":[{"count":1,"href":"https:\/\/ikimisli.tr\/index.php\/wp-json\/wp\/v2\/posts\/14739\/revisions"}],"predecessor-version":[{"id":14741,"href":"https:\/\/ikimisli.tr\/index.php\/wp-json\/wp\/v2\/posts\/14739\/revisions\/14741"}],"wp:featuredmedia":[{"embeddable":true,"href":"https:\/\/ikimisli.tr\/index.php\/wp-json\/wp\/v2\/media\/14740"}],"wp:attachment":[{"href":"https:\/\/ikimisli.tr\/index.php\/wp-json\/wp\/v2\/media?parent=14739"}],"wp:term":[{"taxonomy":"category","embeddable":true,"href":"https:\/\/ikimisli.tr\/index.php\/wp-json\/wp\/v2\/categories?post=14739"},{"taxonomy":"post_tag","embeddable":true,"href":"https:\/\/ikimisli.tr\/index.php\/wp-json\/wp\/v2\/tags?post=14739"}],"curies":[{"name":"wp","href":"https:\/\/api.w.org\/{rel}","templated":true}]}}