{"id":14764,"date":"2025-02-26T21:00:09","date_gmt":"2025-02-26T21:00:09","guid":{"rendered":"https:\/\/ikimisli.tr\/?p=14764"},"modified":"2025-02-26T21:00:09","modified_gmt":"2025-02-26T21:00:09","slug":"sarayda-dikkat-ceken-gorusme-alevi-dedesi-erdogan-ile-gorustu","status":"publish","type":"post","link":"https:\/\/ikimisli.tr\/index.php\/2025\/02\/26\/sarayda-dikkat-ceken-gorusme-alevi-dedesi-erdogan-ile-gorustu\/","title":{"rendered":"Saray&#8217;da dikkat \u00e7eken g\u00f6r\u00fc\u015fme: Alevi dedesi Erdo\u011fan ile g\u00f6r\u00fc\u015ft\u00fc"},"content":{"rendered":"<p>Cumhurba\u015fkan\u0131 ve AK Parti Genel Lideri Recep Tayyip Erdo\u011fan, K\u00fclt\u00fcr ve Turizm Bakanl\u0131\u011f\u0131&#8217;na ba\u011fl\u0131 olarak kurulan Alevi-Bekta\u015fi K\u00fclt\u00fcr ve Cemevi Ba\u015fkanl\u0131\u011f\u0131&#8217;na verdi\u011fi takviyeyle bilinen Alevi Dedesi Ahmet U\u011furlu ile Cumhurba\u015fkanl\u0131\u011f\u0131 K\u00fclliyesi&#8217;nde bir ortaya geldi.<\/p>\n<p><b>&#8220;CUMHURBA\u015eKANI&#8217;NI YANLI\u015e TANIMI\u015eIZ&#8221;<\/b><\/p>\n<p>Ahmet U\u011furlu, K\u00fclt\u00fcr ve Turizm Bakanl\u0131\u011f\u0131 b\u00fcnyesinde kurulan Alevi-Bekta\u015fi K\u00fclt\u00fcr ve Cemevi Ba\u015fkanl\u0131\u011f\u0131 hakk\u0131nda yapt\u0131\u011f\u0131 a\u00e7\u0131klamalarda, bu te\u015febb\u00fcs\u00fcn tarih\u00ee bir ad\u0131m oldu\u011funu belirtti. U\u011furlu, \u201c\u015eimdiye kadar yap\u0131lmam\u0131\u015f bir olay ger\u00e7ekle\u015ftiriliyor. Bizlere ibadet \u00f6zg\u00fcrl\u00fc\u011f\u00fc sa\u011fland\u0131, bir insani ihtilal ya\u015fand\u0131. Cumhuriyet\u2019in kurulu\u015fundan bu yana bu t\u00fcrl\u00fc bir te\u015febb\u00fcs olmam\u0131\u015ft\u0131. Cumhurba\u015fkan\u0131m\u0131z Alevi toplumuna ibadet \u00f6zg\u00fcrl\u00fc\u011f\u00fcn\u00fc teslim etti. Cemevlerimizin t\u00fcm gereksinimlerinin kar\u015f\u0131lanacak olmas\u0131, Alevi Bekta\u015fi dedelerine tak\u0131m verilmesi karar\u0131 \u00e7ok olumlu bir geli\u015fmedir. Cumhurba\u015fkan\u0131m\u0131z\u0131 yanl\u0131\u015f tan\u0131m\u0131\u015f\u0131z, olmaz diyorduk lakin oldu. G\u00fcl, dikenlerin ortas\u0131ndaym\u0131\u015f. Alevi-S\u00fcnni toplumlar\u0131 birbirine ba\u011fl\u0131d\u0131r. \u0130slam bar\u0131\u015f dinidir. Kendisine Alevi toplumuna sa\u011flad\u0131\u011f\u0131 imkanlardan \u00f6t\u00fcr\u00fc te\u015fekk\u00fcr ederim. Bu \u00e7ok k\u0131ymetli bir te\u015febb\u00fcst\u00fcr.\u201d dedi.<\/p>\n<p><b>GAZZE&#8217;YE TAKV\u0130YE Y\u00dcR\u00dcY\u00dc\u015e\u00dcNE DE KATILMI\u015eTI<\/b><\/p>\n<p>\u00d6te yandan, 1 Ocak 2025 tarihinde Erzincan\u2019da sabah namaz\u0131n\u0131n akabinde d\u00fczenlenen Gazze&#8217;ye dayanak y\u00fcr\u00fcy\u00fc\u015f\u00fcne de kat\u0131lan Ahmet U\u011furlu, Alevi toplumu ismine de\u011ferli bir takviye sundu.<\/p>\n","protected":false},"excerpt":{"rendered":"<p>AKP&#8217;li Cumhurba\u015fkan\u0131 Erdo\u011fan, Alevi Dedesi Ahmet U\u011furlu\u2019yu Cumhurba\u015fkanl\u0131\u011f\u0131 Saray\u0131&#8217;nda kabul etti<\/p>\n","protected":false},"author":1,"featured_media":14765,"comment_status":"open","ping_status":"open","sticky":false,"template":"","format":"standard","meta":{"footnotes":""},"categories":[25],"tags":[1436],"class_list":["post-14764","post","type-post","status-publish","format-standard","has-post-thumbnail","hentry","category-gundem","tag-alevi"],"_links":{"self":[{"href":"https:\/\/ikimisli.tr\/index.php\/wp-json\/wp\/v2\/posts\/14764","targetHints":{"allow":["GET"]}}],"collection":[{"href":"https:\/\/ikimisli.tr\/index.php\/wp-json\/wp\/v2\/posts"}],"about":[{"href":"https:\/\/ikimisli.tr\/index.php\/wp-json\/wp\/v2\/types\/post"}],"author":[{"embeddable":true,"href":"https:\/\/ikimisli.tr\/index.php\/wp-json\/wp\/v2\/users\/1"}],"replies":[{"embeddable":true,"href":"https:\/\/ikimisli.tr\/index.php\/wp-json\/wp\/v2\/comments?post=14764"}],"version-history":[{"count":1,"href":"https:\/\/ikimisli.tr\/index.php\/wp-json\/wp\/v2\/posts\/14764\/revisions"}],"predecessor-version":[{"id":14766,"href":"https:\/\/ikimisli.tr\/index.php\/wp-json\/wp\/v2\/posts\/14764\/revisions\/14766"}],"wp:featuredmedia":[{"embeddable":true,"href":"https:\/\/ikimisli.tr\/index.php\/wp-json\/wp\/v2\/media\/14765"}],"wp:attachment":[{"href":"https:\/\/ikimisli.tr\/index.php\/wp-json\/wp\/v2\/media?parent=14764"}],"wp:term":[{"taxonomy":"category","embeddable":true,"href":"https:\/\/ikimisli.tr\/index.php\/wp-json\/wp\/v2\/categories?post=14764"},{"taxonomy":"post_tag","embeddable":true,"href":"https:\/\/ikimisli.tr\/index.php\/wp-json\/wp\/v2\/tags?post=14764"}],"curies":[{"name":"wp","href":"https:\/\/api.w.org\/{rel}","templated":true}]}}