{"id":14808,"date":"2025-02-26T23:36:08","date_gmt":"2025-02-26T23:36:08","guid":{"rendered":"https:\/\/ikimisli.tr\/?p=14808"},"modified":"2025-02-26T23:36:08","modified_gmt":"2025-02-26T23:36:08","slug":"sinoplulardan-cengiz-holdingin-bakir-maden-sahasina-tepki","status":"publish","type":"post","link":"https:\/\/ikimisli.tr\/index.php\/2025\/02\/26\/sinoplulardan-cengiz-holdingin-bakir-maden-sahasina-tepki\/","title":{"rendered":"Sinoplulardan Cengiz Holding&#8217;in bak\u0131r maden sahas\u0131na tepki"},"content":{"rendered":"<p>Boyabat Etraf Platformu taraf\u0131ndan H\u00fck\u00fcmet Kona\u011f\u0131 \u00f6n\u00fcnde d\u00fczenlenen bas\u0131n a\u00e7\u0131klamas\u0131na CHP Sinop Milletvekili Bar\u0131\u015f Karadeniz, Sinop Belediye Ba\u015fkan\u0131 Metin G\u00fcrb\u00fcz, Gerze Belediye Lideri Osman Belovac\u0131kl\u0131, CHP Sinop \u0130l Ba\u015fkan\u0131 Aykut Cem Yal\u00e7\u0131nkaya, CHP Sinop Kad\u0131n Kollar\u0131 Ba\u015fkan\u0131 Esin T\u00fcmer, CHP Sinop Gen\u00e7lik Kollar\u0131 Ba\u015fkan\u0131 Muhammed Ta\u015fk\u0131n, CHP \u0130l\u00e7e Liderleri ve vatanda\u015flar kat\u0131ld\u0131.<\/p>\n<p>Boyabat Meydan\u0131n\u2019da bir ortaya gelerek, Boyabat il\u00e7esi Karaburun b\u00f6lgesine kurulmak istenen ve 27 k\u00f6y\u00fc etkileyecek olan bak\u0131r zenginle\u015ftirme tesislerine reaksiyon g\u00f6steren Sinoplular, &#8220;Do\u011fam\u0131z sat\u0131l\u0131k de\u011fildir&#8221;, &#8220;Maden ya\u015fatmaz, Boyabat maden istemiyor&#8221;, &#8220;Zehir solumak istemiyoruz&#8221; d\u00f6vizlerini a\u00e7t\u0131.\u00a0<\/p>\n<p><b>&#8220;KARI\u015e KARI\u015e PE\u015eKE\u015e \u00c7EK\u0130YORLAR&#8221;<\/b><\/p>\n<p>Boyabat&#8217;\u0131n istemedi\u011fi bir \u015feyi Boyabat&#8217;a yapmaya kimsenin hakk\u0131 olmad\u0131\u011f\u0131n\u0131 s\u00f6yleyen CHP Sinop Milletvekili Karadeniz &#8220;G\u00f6k\u0131rmak Havzas\u0131&#8217;n\u0131n mahvolmas\u0131na kimse m\u00fcsaade etmez&#8221; diyerek yans\u0131s\u0131n\u0131 g\u00f6sterdi. Karadeniz \u015fu s\u00f6zleri kulland\u0131:\u00a0<\/p>\n<p>*Boyabatl\u0131 istemedi\u011fi halde bunu zorlayan zihniyete buradan yaz\u0131klar olsun diyorum. Kova\u00e7ay\u0131r\u0131 ve 27 tane k\u00f6y devam\u0131nda Sarayd\u00fcz\u00fc ve Dura\u011fan\u2019a kadar ilerleyen G\u00f6k\u0131rmak Havzas\u0131&#8217;n\u0131n mahvolmas\u0131na kimse m\u00fcsaade etmez.<\/p>\n<p>*Biz burada siyaset yapmaya gelmedik. Hepimiz siyasi kimli\u011fimizi b\u0131rakt\u0131k. Hedefimiz etrafa, tabiata ve be\u015fere ziyanl\u0131 olan ne varsa bunu memleketimize yapt\u0131rmamak. Ben biliyorum ki, Boyabat\u2019ta bir laf vard\u0131r.<\/p>\n<p>*Boyabat\u2019\u0131n havas\u0131 sert insan\u0131 merttir. Yapt\u0131rmaz. U\u011fra\u015fmay\u0131n. Cengiz Holding\u2019e sesleniyorum. U\u011fra\u015fmay\u0131n bu ho\u015f memleketle. Size bunu f\u0131rsat vermeyece\u011fiz. Yerin \u00fcst\u00fc sizin, yerin alt\u0131 sizin. T\u00fcrkiye\u2019de di\u011fer kimse mi yok? Sinop\u2019a sald\u0131r, Boyabat\u2019a sald\u0131r, Amasya\u2019ya, Kastamonu\u2019ya sald\u0131r.<\/p>\n<p>*Yeter art\u0131k. Hedef ne? &#8216;Boyabat\u2019a maden kuraca\u011f\u0131z, bilmem ka\u00e7 ki\u015fi \u00e7al\u0131\u015facak&#8217;. Her gitti\u011fi yerde bu palavras\u0131 s\u00f6ylemekten b\u0131kmad\u0131lar art\u0131k. T\u00fcrkiye\u2019yi kar\u0131\u015f kar\u0131\u015f pe\u015fke\u015f \u00e7ekiyorlar \u015fuanda. Biz buna m\u00fcsaade edecek miyiz? Biz bunun \u00a0m\u00fccadelesini son damla kan\u0131m\u0131za kadar verecek miyiz? Verece\u011fiz. Bu kadar kolay.<\/p>\n<p><img decoding=\"async\" src=\"https:\/\/ikimisli.tr\/wp-content\/uploads\/2025\/02\/sinoplulardan-cengiz-holdingin-bakir-maden-sahasina-tepki-0-tfKBglps.jpg\"\/><\/p>\n<p><b>\u201cK\u0130M SIHHATS\u0130Z SU \u0130\u00c7MEK \u0130STER?\u201d<\/b><\/p>\n<p>Sinop Belediye Ba\u015fkan\u0131 Metin G\u00fcrb\u00fcz ise su kirlili\u011fine dikkat \u00e7ekti ve \u015funlar\u0131 s\u00f6yledi:\u00a0<\/p>\n<p>*Ben 33 y\u0131ll\u0131k kamu vazifemin 26 y\u0131l\u0131n\u0131 bu topraklarda \u00e7al\u0131\u015farak sa\u011flad\u0131m. 26 y\u0131l boyunca bir kar\u0131\u015f topra\u011f\u0131 nas\u0131l sulayabiliriz, nas\u0131l bu b\u00f6lgedeki yurtta\u015flar\u0131m\u0131z bu topraktan \u015feker pancar\u0131, \u00e7eltik \u00fcretebilir diye elimizden gelen t\u00fcm \u00e7abay\u0131 sa\u011flad\u0131k ve g\u00f6sterdik. Devlet bu topraklar\u0131 sulamak i\u00e7in barajlar, g\u00f6letler in\u015fa etti.<\/p>\n<p>*Ama\u00e7 Boyabat, Dura\u011fan, Sarayd\u00fcz\u00fc bu b\u00f6lgedeki be\u015ferler g\u00f6\u00e7 etmesinler, bu topraklarda ya\u015fayarak \u00fcretim ve katma k\u0131ymet yaratabilsinler diye. Art\u0131k y\u00fczlerce y\u0131ll\u0131k bir ge\u00e7mi\u015fimiz var bu topraklarda. Cumhuriyet\u2019imizin kurulu\u015funun 101\u2019inci y\u0131l\u0131nday\u0131z, yani 2\u2019nci y\u00fczy\u0131l\u0131nday\u0131z.<\/p>\n<p>*T\u00fcrkiye Cumhuriyet Devleti Boyabat\u2019ta ya\u015fayan vatanda\u015flar\u0131m\u0131z\u0131n i\u00e7me suyunu nereden sa\u011flayabilirim, nereden en pak bir formda buradaki yurtta\u015flara ula\u015ft\u0131rabilirim diye projeler yapt\u0131.<\/p>\n<p>*Elek da\u011f\u0131ndan, Kova\u00e7ay\u0131r\u0131\u2019ndan, Gazidere\u2019den gelen suyu i\u00e7iyorsunuz. Bu suyun kirlenmesi demek, bu suyun her t\u00fcrl\u00fc kirleticiye maruz kalmas\u0131 demek birinci evvel sizin i\u00e7me suyunun kirlenmesi demek. Kim s\u0131hhatsiz su i\u00e7mek ister?<\/p>\n<p>*Aile fertlerine kim s\u0131hhatsiz su i\u00e7irmek ister? Bizi yeni ayr\u0131cal\u0131klara yani yeni kapit\u00fclasyonlara g\u00f6t\u00fcrecek s\u00fcre\u00e7leri l\u00fctfen iktidar\u0131n ba\u015f\u0131nda olanlar \u00fclke sevgisini, vatan sevgisini g\u00f6z \u00f6n\u00fcnde bulunarak ona nazaran davranmalar\u0131 gerekli. Bu su kirlendi\u011fi vakit sizin \u00e7elti\u011finiz kirlenecek, i\u00e7me suyunuz kirlenecek.<\/p>\n<p><b>&#8220;REZALETE M\u00dcSAADE VERMEYECE\u011e\u0130Z&#8221;<\/b><\/p>\n<p>CHP Sinop \u0130l Ba\u015fkan\u0131 Aykut Cem Yal\u00e7\u0131nkaya da \u201cYan\u0131ba\u015f\u0131m\u0131zda Han\u00f6n\u00fc\u2019nde ya\u015fananlar\u0131 hepimiz biliyoruz. Boyabat\u2019\u0131n \u00f6teki bir alternatifi yok. Biz suya, etrafa muhtac\u0131z. Boyabat\u2019\u0131n su kaynaklar\u0131n\u0131n oldu\u011fu alanda su kaynaklar\u0131n\u0131 direkt etkileyebilecek alanda b\u00f6ylesine bir kepazeli\u011fe, rezalete m\u00fcsaade vermeyece\u011fiz. Biz Sinoplular olarak Yayk\u0131l\u2019da ge\u00e7mi\u015fte sermayenin y\u0131rt\u0131c\u0131 g\u00fcc\u00fcne dur dedi\u011fimiz \u00fczere bundan sonra da buradan ilan ediyoruz. Boyabat Meydan\u2019dan da s\u00f6yl\u00fcyoruz. Boyabat\u2019\u0131 Cengiz Holding\u2019e pe\u015fke\u015f \u00e7ektirmeyece\u011fiz\u201d diye konu\u015ftu.<\/p>\n<p>Boyabat\u2019ta ya\u015fayan vatanda\u015flar da duruma reaksiyon g\u00f6stererek, \u015funlar\u0131 s\u00f6ylediler:\u00a0<\/p>\n<p><strong>Mazlum Cin:<\/strong> \u201cNeden isteyelim ki? At\u0131lan her ad\u0131m, tabiat\u0131n yok edilmesi, topra\u011f\u0131n zehirlenmesi, yer alt\u0131 sular\u0131n\u0131n yok edilmesi ve Boyabat i\u00e7in de zehirlenmenin ba\u015flang\u0131c\u0131d\u0131r. Zira, su kaynaklar\u0131m\u0131z\u0131n birden fazla Elek da\u011f\u0131ndan gelen kaynaklar. Bunun hala d\u00fc\u015f\u00fcn\u00fclmesi gerekmiyor. Ba\u015fka yer alt\u0131 kaynaklar\u0131yla birlikte Bu Boyabat\u2019\u0131m\u0131z\u0131n en b\u00fcy\u00fck gelir kayna\u011f\u0131 olan \u00e7eltik ekimi ve \u00e7eltik kalitesini bitirecektir ve halk\u0131n zehirlenmesine b\u00fcy\u00fck sebep olacakt\u0131r.\u201d<\/p>\n<p><strong>Salih Koyuncu:<\/strong> \u201cSuyumuza dokunmas\u0131nlar. Biz bu t\u00fcrl\u00fc memnunuz. Bu formda rahat ya\u015f\u0131yoruz lakin maden kuruldu\u011fu vakit ormanlar\u0131m\u0131z da bitecek.\u201d<\/p>\n<p><strong>Dursun Arslan:<\/strong> \u201cGelecek i\u00e7in, insanl\u0131k i\u00e7in, be\u015ferler i\u00e7in, tar\u0131ma ve topluma ziyanl\u0131 oldu\u011fu i\u00e7in istemiyoruz. Her \u015feye ziyan gelir. O nedenle gelece\u011fe ziyanl\u0131, yaln\u0131zca birka\u00e7 \u015firketin k\u00e2r\u0131 i\u00e7in yap\u0131lmamas\u0131 gerekir.\u201d<\/p>\n<p><strong>Refika Top\u00e7u:<\/strong> \u201cSuyumuz kirleniyor. Etraf kirleniyor. O y\u00fczden istemiyoruz.\u201d<\/p>\n<p><strong>Ali \u00d6zt\u00fcrk:<\/strong> \u201cSa\u011fl\u0131k konusu i\u00e7in \u00f6zellikle, eserlerimiz i\u00e7in siyan\u00fcr halka tesir ediyor.\u201d<\/p>\n<p><strong>\u015e\u00fckr\u00fc Y\u0131laf:<\/strong> \u201cOrmanlar\u0131m\u0131z, pak hava, oksijen olmad\u0131\u011f\u0131 vakit biz ya\u015fayamay\u0131z. Burada \u00e7eltik ve pancar eken be\u015ferler da var. Onlar daima zehirli olacak ve yenmeyecek. Bu y\u00fczden istemiyoruz.\u201d<\/p>\n","protected":false},"excerpt":{"rendered":"<p>Cengiz Holding&#8217;in Sinop&#8217;un Boyabat il\u00e7esi Karaburun b\u00f6lgesine kurulmak istedi\u011fi ve 27 k\u00f6y\u00fc etkileyecek olan bak\u0131r zenginle\u015ftirme tesislerine vatanda\u015flar reaksiyon g\u00f6sterdi.<\/p>\n","protected":false},"author":1,"featured_media":14809,"comment_status":"open","ping_status":"open","sticky":false,"template":"","format":"standard","meta":{"footnotes":""},"categories":[25],"tags":[39,3108,888,3109,336],"class_list":["post-14808","post","type-post","status-publish","format-standard","has-post-thumbnail","hentry","category-gundem","tag-baskani","tag-boyabat","tag-icme","tag-karis","tag-kim"],"_links":{"self":[{"href":"https:\/\/ikimisli.tr\/index.php\/wp-json\/wp\/v2\/posts\/14808","targetHints":{"allow":["GET"]}}],"collection":[{"href":"https:\/\/ikimisli.tr\/index.php\/wp-json\/wp\/v2\/posts"}],"about":[{"href":"https:\/\/ikimisli.tr\/index.php\/wp-json\/wp\/v2\/types\/post"}],"author":[{"embeddable":true,"href":"https:\/\/ikimisli.tr\/index.php\/wp-json\/wp\/v2\/users\/1"}],"replies":[{"embeddable":true,"href":"https:\/\/ikimisli.tr\/index.php\/wp-json\/wp\/v2\/comments?post=14808"}],"version-history":[{"count":1,"href":"https:\/\/ikimisli.tr\/index.php\/wp-json\/wp\/v2\/posts\/14808\/revisions"}],"predecessor-version":[{"id":14811,"href":"https:\/\/ikimisli.tr\/index.php\/wp-json\/wp\/v2\/posts\/14808\/revisions\/14811"}],"wp:featuredmedia":[{"embeddable":true,"href":"https:\/\/ikimisli.tr\/index.php\/wp-json\/wp\/v2\/media\/14809"}],"wp:attachment":[{"href":"https:\/\/ikimisli.tr\/index.php\/wp-json\/wp\/v2\/media?parent=14808"}],"wp:term":[{"taxonomy":"category","embeddable":true,"href":"https:\/\/ikimisli.tr\/index.php\/wp-json\/wp\/v2\/categories?post=14808"},{"taxonomy":"post_tag","embeddable":true,"href":"https:\/\/ikimisli.tr\/index.php\/wp-json\/wp\/v2\/tags?post=14808"}],"curies":[{"name":"wp","href":"https:\/\/api.w.org\/{rel}","templated":true}]}}