{"id":14829,"date":"2025-02-27T02:00:06","date_gmt":"2025-02-27T02:00:06","guid":{"rendered":"https:\/\/ikimisli.tr\/?p=14829"},"modified":"2025-02-27T02:00:06","modified_gmt":"2025-02-27T02:00:06","slug":"canli-trabzonspor-sivasspor-maci-canli-yayin-super-lig-20-hafta","status":"publish","type":"post","link":"https:\/\/ikimisli.tr\/index.php\/2025\/02\/27\/canli-trabzonspor-sivasspor-maci-canli-yayin-super-lig-20-hafta\/","title":{"rendered":"Canl\u0131 | Trabzonspor-Sivasspor ma\u00e7\u0131 canl\u0131 yay\u0131n (S\u00fcper Lig 20. Hafta)"},"content":{"rendered":"<p>S\u00fcper Lig\u2019de 20. hafta Trabzon\u2019da kapanacak. Bordo mavililer alan\u0131nda Sivasspor\u2019u konuk ediyor. \u00a0Ziraat T\u00fcrkiye Kupas\u0131&#8217;nda alan\u0131nda Corendon Alanyaspor&#8217;u 3-0, ligde Onvo Antalyaspor&#8217;u 5-0 ma\u011flup eden bordo-mavililer, arka arda alan\u0131ndaki 3. resmi ma\u00e7\u0131ndan da galibiyetle ayr\u0131lmak istiyor.<\/p>\n<p><strong>\u0130LK 11&#8217;LER:<\/strong><\/p>\n<p><strong>Trabzonspor<\/strong>: U\u011furcan, Pedro, Lundstram, Batahov, Eren, Mendy, Umut, Ozan, Visca, Nwakaeme, Banza.<\/p>\n<div><strong>Net K\u00fcresel Sivasspor: <\/strong>Nikolic, Murat, Uros, Noah, U\u011fur, Samuel, Charisis, Fode, Alex, Rodrigues, Manaj.<\/div>\n<div>\u00a0<\/div>\n","protected":false},"excerpt":{"rendered":"<p>Trabzonspor-Sivasspor ma\u00e7\u0131 canl\u0131 yay\u0131n\u0131 S\u00f6zc\u00fc Spor\u2019da\u2026 Bordo mavililer taraftar\u0131 \u00f6n\u00fcnde ma\u00e7\u0131 kazan\u0131p \u00e7\u0131k\u0131\u015f\u0131n\u0131 devam ettirmek istiyor.<\/p>\n","protected":false},"author":1,"featured_media":14830,"comment_status":"open","ping_status":"open","sticky":false,"template":"","format":"standard","meta":{"footnotes":""},"categories":[30],"tags":[],"class_list":["post-14829","post","type-post","status-publish","format-standard","has-post-thumbnail","hentry","category-spor"],"_links":{"self":[{"href":"https:\/\/ikimisli.tr\/index.php\/wp-json\/wp\/v2\/posts\/14829","targetHints":{"allow":["GET"]}}],"collection":[{"href":"https:\/\/ikimisli.tr\/index.php\/wp-json\/wp\/v2\/posts"}],"about":[{"href":"https:\/\/ikimisli.tr\/index.php\/wp-json\/wp\/v2\/types\/post"}],"author":[{"embeddable":true,"href":"https:\/\/ikimisli.tr\/index.php\/wp-json\/wp\/v2\/users\/1"}],"replies":[{"embeddable":true,"href":"https:\/\/ikimisli.tr\/index.php\/wp-json\/wp\/v2\/comments?post=14829"}],"version-history":[{"count":1,"href":"https:\/\/ikimisli.tr\/index.php\/wp-json\/wp\/v2\/posts\/14829\/revisions"}],"predecessor-version":[{"id":14831,"href":"https:\/\/ikimisli.tr\/index.php\/wp-json\/wp\/v2\/posts\/14829\/revisions\/14831"}],"wp:featuredmedia":[{"embeddable":true,"href":"https:\/\/ikimisli.tr\/index.php\/wp-json\/wp\/v2\/media\/14830"}],"wp:attachment":[{"href":"https:\/\/ikimisli.tr\/index.php\/wp-json\/wp\/v2\/media?parent=14829"}],"wp:term":[{"taxonomy":"category","embeddable":true,"href":"https:\/\/ikimisli.tr\/index.php\/wp-json\/wp\/v2\/categories?post=14829"},{"taxonomy":"post_tag","embeddable":true,"href":"https:\/\/ikimisli.tr\/index.php\/wp-json\/wp\/v2\/tags?post=14829"}],"curies":[{"name":"wp","href":"https:\/\/api.w.org\/{rel}","templated":true}]}}