{"id":14899,"date":"2025-02-27T08:12:08","date_gmt":"2025-02-27T08:12:08","guid":{"rendered":"https:\/\/ikimisli.tr\/?p=14899"},"modified":"2025-02-27T08:12:08","modified_gmt":"2025-02-27T08:12:08","slug":"gunes-cok-konusulan-o-anlari-anlatti-dogru-degil","status":"publish","type":"post","link":"https:\/\/ikimisli.tr\/index.php\/2025\/02\/27\/gunes-cok-konusulan-o-anlari-anlatti-dogru-degil\/","title":{"rendered":"G\u00fcne\u015f \u00e7ok konu\u015fulan o anlar\u0131 anlatt\u0131! \u2018Do\u011fru de\u011fil\u2019"},"content":{"rendered":"<p>Trendyol Harika Lig\u2019in 20. haftas\u0131nda Trabzonspor, Net K\u00fcresel Sivasspor\u2019u 4-0 yendi. Ma\u00e7 sonras\u0131 bordo mavili grubun teknik y\u00f6neticisi \u015eenol G\u00fcne\u015f yay\u0131nc\u0131 kurulu\u015fa a\u00e7\u0131klamalarda bulundu.<\/p>\n<p>\u00c7ok konu\u015fulan penalt\u0131 an\u0131 ile ilgili konu\u015fan G\u00fcne\u015f, \u201cPenalt\u0131 konumu bir kadro anlay\u0131\u015flar\u0131m\u0131z\u0131 y\u0131kt\u0131. Ke\u015fke olmasayd\u0131. Taraftar istekli olabilir. Bu t\u00fcrl\u00fc bir \u015feyi d\u00fc\u015f\u00fcnebilir. Onlara h\u00fcrmet duyuyoruz. U\u011furcan \u00c7ak\u0131r da onlara h\u00fcrmetten \u00f6t\u00fcr\u00fc penalt\u0131y\u0131 kullanmaya gitti. Penalt\u0131y\u0131 U\u011furcan da ka\u00e7\u0131rabilirdi. Fakat ambiyans\u0131 o denli olmas\u0131 yanl\u0131\u015fs\u0131z de\u011fil. U\u011furcan asl\u0131nda gitmezdi lakin taraftar\u0131 k\u0131rmak istemedi. Gerisinden Banza tahminen biraz dikkat da\u011f\u0131n\u0131kl\u0131\u011f\u0131 ya\u015fad\u0131. Puan a\u00e7\u0131s\u0131ndan kay\u0131p de\u011fil lakin ders a\u00e7\u0131s\u0131ndan de\u011ferli. Onun d\u0131\u015f\u0131nda ho\u015f ma\u00e7 oldu. Memnunuz.&#8221; S\u00f6zlerini kulland\u0131.<\/p>\n<p>\u00a0<\/p>\n","protected":false},"excerpt":{"rendered":"<p>Trabzonspor teknik y\u00f6neticisi \u015eenol G\u00fcne\u015f \u00e7ok konu\u015fulan penalt\u0131 durumuyla ilgili a\u00e7\u0131klamalarda bulunurken, &#8220;U\u011furcan asl\u0131nda gitmezdi lakin taraftar\u0131 k\u0131rmak istemedi&#8221; dedi.<\/p>\n","protected":false},"author":1,"featured_media":14900,"comment_status":"open","ping_status":"open","sticky":false,"template":"","format":"standard","meta":{"footnotes":""},"categories":[30],"tags":[],"class_list":["post-14899","post","type-post","status-publish","format-standard","has-post-thumbnail","hentry","category-spor"],"_links":{"self":[{"href":"https:\/\/ikimisli.tr\/index.php\/wp-json\/wp\/v2\/posts\/14899","targetHints":{"allow":["GET"]}}],"collection":[{"href":"https:\/\/ikimisli.tr\/index.php\/wp-json\/wp\/v2\/posts"}],"about":[{"href":"https:\/\/ikimisli.tr\/index.php\/wp-json\/wp\/v2\/types\/post"}],"author":[{"embeddable":true,"href":"https:\/\/ikimisli.tr\/index.php\/wp-json\/wp\/v2\/users\/1"}],"replies":[{"embeddable":true,"href":"https:\/\/ikimisli.tr\/index.php\/wp-json\/wp\/v2\/comments?post=14899"}],"version-history":[{"count":1,"href":"https:\/\/ikimisli.tr\/index.php\/wp-json\/wp\/v2\/posts\/14899\/revisions"}],"predecessor-version":[{"id":14901,"href":"https:\/\/ikimisli.tr\/index.php\/wp-json\/wp\/v2\/posts\/14899\/revisions\/14901"}],"wp:featuredmedia":[{"embeddable":true,"href":"https:\/\/ikimisli.tr\/index.php\/wp-json\/wp\/v2\/media\/14900"}],"wp:attachment":[{"href":"https:\/\/ikimisli.tr\/index.php\/wp-json\/wp\/v2\/media?parent=14899"}],"wp:term":[{"taxonomy":"category","embeddable":true,"href":"https:\/\/ikimisli.tr\/index.php\/wp-json\/wp\/v2\/categories?post=14899"},{"taxonomy":"post_tag","embeddable":true,"href":"https:\/\/ikimisli.tr\/index.php\/wp-json\/wp\/v2\/tags?post=14899"}],"curies":[{"name":"wp","href":"https:\/\/api.w.org\/{rel}","templated":true}]}}