{"id":14926,"date":"2025-02-27T09:48:07","date_gmt":"2025-02-27T09:48:07","guid":{"rendered":"https:\/\/ikimisli.tr\/?p=14926"},"modified":"2025-02-27T09:48:07","modified_gmt":"2025-02-27T09:48:07","slug":"avrupali-liderler-trumpi-tebrik-etti","status":"publish","type":"post","link":"https:\/\/ikimisli.tr\/index.php\/2025\/02\/27\/avrupali-liderler-trumpi-tebrik-etti\/","title":{"rendered":"Avrupal\u0131 liderler, Trump&#8217;\u0131 tebrik etti"},"content":{"rendered":"<p>\u0130rlanda Ba\u015fbakan\u0131 Simon Harris, yapt\u0131\u011f\u0131 yaz\u0131l\u0131 a\u00e7\u0131klamada Trump&#8217;\u0131 vazifeye ba\u015flamas\u0131ndan \u00f6t\u00fcr\u00fc tebrik ederken, h\u00fck\u00fcmetin Trump&#8217;la \u00e7al\u0131\u015fmay\u0131 d\u00f6rt g\u00f6zle bekledi\u011fini belirtti.<\/p>\n<p>ABD&#8217;nin \u0130rlanda adas\u0131ndaki bar\u0131\u015fa verdi\u011fi dayana\u011fa vurgu yapan Harris, &#8220;D\u00fcnya \u00e7at\u0131\u015fmalar, iklim de\u011fi\u015fikli\u011fi, demokrasiyi tehdit eden geli\u015fmeler \u00fczere \u00e7ok say\u0131da s\u0131namayla kar\u015f\u0131 kar\u015f\u0131ya. \u0130nan\u00e7l\u0131 ekonomik b\u00fcy\u00fcme ve istikrara muhta\u00e7l\u0131k var. Bu meselelerle birlikte y\u00fczle\u015feceksek ABD&#8217;nin liderli\u011fi her vakit oldu\u011fu \u00fczere tekrar \u00e7ok k\u0131ymetli.&#8221; de\u011ferlendirmesini yapt\u0131.<\/p>\n<p>Harris, Trump&#8217;\u0131n \u0130rlanda&#8217;y\u0131 s\u0131k s\u0131k ziyaret edip \u00fclkesine yat\u0131r\u0131mlar yapt\u0131\u011f\u0131n\u0131 da hat\u0131rlatt\u0131.<\/p>\n<p>Almanya Ba\u015fbakan\u0131 Olaf Scholz da toplumsal medya platformu X&#8217;ten yapt\u0131\u011f\u0131 a\u00e7\u0131klamada Trump&#8217;\u0131 misyona ba\u015flamas\u0131ndan \u00f6t\u00fcr\u00fc kutlayarak, \u201cBug\u00fcn Lider Trump vazifeye ba\u015fl\u0131yor. Tebrikler. ABD bizim en yak\u0131n m\u00fcttefikimiz ve uygun bir transatlantik alaka her vakit siyasetimizin maksad\u0131d\u0131r. 27 \u00fcyeli ve 400 milyondan fazla insanla Avrupa Birli\u011fi (AB) olarak g\u00fc\u00e7l\u00fc bir toplulu\u011fuz.\u201c tabirini kulland\u0131.<\/p>\n<p><b>\u0130SVE\u00c7<\/b><\/p>\n<p>\u0130sve\u00e7 Ba\u015fbakan\u0131 Ulf Kristersson, X hesab\u0131ndan yapt\u0131\u011f\u0131 payla\u015f\u0131mda, Trump\u2019\u0131n hesab\u0131n\u0131 da etiketleyerek &#8220;Amerika Birle\u015fik Devletleri&#8217;nin 47. Ba\u015fkan\u0131 olarak yemin etmenizden \u00f6t\u00fcr\u00fc sizi en i\u00e7ten dileklerimle kutluyorum. \u0130sve\u00e7, ABD ile yak\u0131n i\u015fbirli\u011finin devam etmesini sab\u0131rs\u0131zl\u0131kla bekliyor.&#8221; s\u00f6zlerini kulland\u0131.<\/p>\n<p><b>\u00c7EKYA<\/b><\/p>\n<p>\u00c7ekya Ba\u015fbakan\u0131 Petr Fiala, toplumsal medya hesab\u0131 X \u00fczerinden yapt\u0131\u011f\u0131 payla\u015f\u0131mla Trump\u2019\u0131 tebrik etti.<\/p>\n<p>Fiala, ABD ve \u00c7ekya\u2019n\u0131n k\u0131ymetli bir m\u00fcttefiki oldu\u011funu belirterek, Trump ve yeni tak\u0131m\u0131yla iki \u00fclke ortas\u0131ndaki alakalar\u0131n ba\u015far\u0131l\u0131 bir halde ileriye ta\u015f\u0131naca\u011f\u0131na olan inanc\u0131n\u0131 lisana getirdi.<\/p>\n<p><b>AVUSTURYA<\/b><\/p>\n<p>Avusturya Ba\u015fbakan\u0131 ve D\u0131\u015fi\u015fleri Bakan\u0131 Alexander Schallenberg, sosyal medya hesab\u0131 X\u2019ten yapt\u0131\u011f\u0131 a\u00e7\u0131klamada, &#8220;ABD ve Avusturya ortas\u0131ndaki stratejik i\u015ftiraki s\u00fcrd\u00fcrmeyi d\u00f6rt g\u00f6zle bekliyoruz. Global zorluklarla ba\u015fa \u00e7\u0131kmak, \u00f6zg\u00fcrl\u00fc\u011f\u00fc, g\u00fcvenli\u011fi ve refah\u0131 te\u015fvik etmek i\u00e7in birlikte \u00e7al\u0131\u015fmaya haz\u0131r\u0131z.&#8221; g\u00f6r\u00fc\u015f\u00fcn\u00fc payla\u015ft\u0131.<\/p>\n<p><b>SLOVAKYA<\/b><\/p>\n<p>Slovakya Cumhurba\u015fkan\u0131 Peter Pellegrini de toplumsal medya hesab\u0131 X\u2019ten yapt\u0131\u011f\u0131 payla\u015f\u0131mla Trump\u2019\u0131 tebrik etti.<\/p>\n<p>Pellegrini, &#8220;Her iki \u00fclkenin de faydas\u0131na olacak halde, s\u0131k\u0131nt\u0131lara ortak diplomatik tahliller arama ve bulman\u0131n her vakit m\u00fcmk\u00fcn oldu\u011funa inan\u0131yor. Bu da m\u00fcttefikli\u011fin bir gere\u011fi.&#8221; s\u00f6z\u00fcn\u00fc kulland\u0131.<\/p>\n<p><b>\u0130TALYA<\/b><\/p>\n<p>Donald Trump&#8217;\u0131n yemin merasimine Avrupa&#8217;dan davetli olan \u00fcst seviye siyasi \u00f6nderlerden biri olan ve merasime kat\u0131lan \u0130talya Ba\u015fbakan\u0131 Giorgia Meloni de yeni ABD Lideri&#8217;ni tebrik etti.<\/p>\n<p>Meloni, X platformundan yapt\u0131\u011f\u0131 payla\u015f\u0131m\u0131nda Trump ile bir arada \u00e7ekildi\u011fi foto\u011fraf\u0131 koyarak, &#8220;ABD\u2019nin yeni ba\u015fkan\u0131 olarak g\u00f6reve ba\u015flayan Donald Trump&#8217;a g\u00fczel \u00e7al\u0131\u015fmalar dileklerimi iletiyorum. \u00dclkelerimiz ortas\u0131ndaki dostlu\u011fun ve bizi birle\u015ftiren bedellerin, \u0130talya ve ABD ortas\u0131ndaki i\u015fbirli\u011fini g\u00fc\u00e7lendirmeye devam edece\u011finden eminim. Global s\u0131namalarla birlikte y\u00fczle\u015ferek halklar\u0131m\u0131z i\u00e7in refah ve g\u00fcvenlik dolu bir gelecek in\u015fa edece\u011fiz. \u0130talya, her vakit ABD ve Avrupa ortas\u0131ndaki diyalo\u011fu sa\u011flamla\u015ft\u0131rmaya kararl\u0131 olacak, zira bu, toplumlar\u0131m\u0131z\u0131n istikrar\u0131 ve b\u00fcy\u00fcmesi i\u00e7in temel bir destek noktas\u0131d\u0131r.&#8221; tabirlerini kulland\u0131.<\/p>\n<p><b>HIRVAT\u0130STAN<\/b><\/p>\n<p>H\u0131rvatistan Ba\u015fbakan\u0131 Andrej Plenkovic, toplumsal medya hesab\u0131ndan yapt\u0131\u011f\u0131 payla\u015f\u0131mda yeni ABD Ba\u015fkan\u0131 Trump&#8217;\u0131 tebrik ederek, muvaffakiyetler dile\u011finde bulundu.<\/p>\n<p>Plenkovic, Trump&#8217;un yeni periyodunda ABD ile stratejik i\u015ftiraklerini g\u00fc\u00e7lendirmek istediklerini belirterek, &#8220;Askeri ve g\u00fc\u00e7 alanlar\u0131ndaki g\u00fc\u00e7l\u00fc i\u015fbirli\u011fi ge\u00e7mi\u015fimizi daha da ileriye ta\u015f\u0131yacak, ekonomik f\u0131rsatlar\u0131 ve turizm al\u0131\u015fveri\u015fini geli\u015ftirmeye devam edece\u011fiz.&#8221; s\u00f6z\u00fcn\u00fc kulland\u0131.<\/p>\n<p><b>SLOVENYA<\/b><\/p>\n<p>Slovenya Ba\u015fbakan\u0131 Robert Golob, h\u00fck\u00fcmete ili\u015fkin toplumsal medya hesab\u0131ndan yapt\u0131\u011f\u0131 a\u00e7\u0131klamada \u00fclkesinin ABD ile uzun periyodik bir dostluk ba\u011f\u0131na sahip oldu\u011funu belirterek, Trump&#8217;\u0131 tebrik etti.<\/p>\n<p>Golob, Slovenya ve ABD&#8217;nin g\u00fczel ikili ba\u011flara sahip oldu\u011funu aktararak, &#8220;Amerika&#8217;daki yeni idareyle iki m\u00fcttefik devlet olarak, m\u00fcnasebetleri daha da geli\u015ftirmeyi ve g\u00fc\u00e7lendirmeyi umuyorum. ABD ve Slovenya s\u0131rf birlikte hareket ederek g\u00fcn\u00fcm\u00fcz milletleraras\u0131 toplumunun global zorluklar\u0131na kar\u015f\u0131 durabilir.&#8221; de\u011ferlendirmesinde bulundu.<\/p>\n<p><b>KOSAVA<\/b><\/p>\n<p>Kosova Cumhurba\u015fkan\u0131 Vjosa Osmani, toplumsal medya hesab\u0131ndan Trump\u2019a g\u00f6nderdi\u011fi tebrik mektubunu payla\u015ft\u0131.<\/p>\n<p>Osmani, mektubunda, Kosova\u2019n\u0131n, d\u00fcnyan\u0131n en ABD yanl\u0131s\u0131 \u00fclkesi olmaya gururla devam etti\u011fini belirterek, \u201cHalk\u0131m\u0131z, ABD ile payla\u015ft\u0131\u011f\u0131m\u0131z sars\u0131lmaz ba\u011f\u0131 ve b\u00fcy\u00fck ulusunuzun temsil etti\u011fi bedellere olan derin inanc\u0131 takdir etmektedir. Halklar\u0131m\u0131z ve gelecek ku\u015faklar\u0131n faydas\u0131na bu payda\u015fl\u0131\u011f\u0131 geni\u015fletmeye ve g\u00fc\u00e7lendirmeye haz\u0131r\u0131z.\u201d de\u011ferlendirmesini yapt\u0131.<\/p>\n<p>Trump\u2019\u0131n lider se\u00e7ilmesini ve misyona ba\u015flamas\u0131n\u0131 \u201ctarihi bir zafer\u201d olarak nitelendiren Osmani, bunun ABD halk\u0131n\u0131n Trump\u2019\u0131n liderli\u011fine duydu\u011fu derin inanc\u0131, \u00f6zg\u00fcrl\u00fck ve demokrasi \u00fczere kal\u0131c\u0131 pahalar\u0131 muhafaza ve geli\u015ftirme vizyonunu yans\u0131tt\u0131\u011f\u0131na vurgu yapt\u0131.<\/p>\n<p>Mektubunda, Trump\u2019\u0131n Kosova ile S\u0131rbistan ortas\u0131nda kar\u015f\u0131l\u0131kl\u0131 tan\u0131nma yolunu ilerletme konusundaki kararl\u0131l\u0131\u011f\u0131na da de\u011finen Osmani, \u201cBunun Bat\u0131 Balkanlar ve t\u00fcm Avrupa k\u0131tas\u0131 i\u00e7in s\u00fcrd\u00fcr\u00fclebilir ve uzun vadeli bir bar\u0131\u015fa katk\u0131da bulunaca\u011f\u0131na olan inanc\u0131n\u0131z\u0131 payla\u015f\u0131yorum. Bu amac\u0131n ger\u00e7ekle\u015ftirilmesini sa\u011flamak ve ilgilerimizi g\u00fc\u00e7lendirmek ismine sizinle ve idarenizle birlikte \u00e7al\u0131\u015fmaya b\u00fcsb\u00fct\u00fcn kararl\u0131y\u0131z.\u201d tabirlerini kulland\u0131.<\/p>\n<p><b>ARNAVUTLUK<\/b><\/p>\n<p>Arnavutluk Cumhurba\u015fkan\u0131 Bajram Begaj, X\u2019ten yapt\u0131\u011f\u0131 payla\u015f\u0131mda, \u201cABD, demokrasinin kal\u0131c\u0131 pahalar\u0131n\u0131 temsil etmeye devam ediyor. Arnavutluk, ABD ile olan g\u00fc\u00e7l\u00fc ittifak\u0131 ve dostlu\u011fundan gurur duymaktad\u0131r ve ortakl\u0131\u011f\u0131m\u0131z\u0131 daha da geli\u015ftirmeye kararl\u0131d\u0131r.\u201d dedi.<\/p>\n<p><b>BEL\u00c7\u0130KA<\/b><\/p>\n<p>Bel\u00e7ika Ba\u015fbakan\u0131 Alexander De Croo, X hesab\u0131ndan yapt\u0131\u011f\u0131 payla\u015f\u0131mda Trump&#8217;\u0131 tebrik ederek, &#8220;Bel\u00e7ika ve ABD uzun m\u00fcddettir m\u00fcttefik ve emniyetli ortaklard\u0131r.&#8221; s\u00f6z\u00fcn\u00fc kulland\u0131.<\/p>\n<p>Trump liderli\u011findeki ABD idaresiyle i\u015fbirli\u011fi iletisi veren De Croo, &#8220;Bel\u00e7ika, global zorluklar\u0131n \u00fcstesinden gelmek ve vatanda\u015flar\u0131m\u0131z\u0131n refah ve g\u00fcvenli\u011fini artt\u0131rmak i\u00e7in ABD idaresiyle birlikte \u00e7al\u0131\u015fmay\u0131 d\u00f6rt g\u00f6zle beklemektedir.&#8221; iletisini payla\u015ft\u0131.<\/p>\n<p><b>HOLLANDA<\/b><\/p>\n<p>Hollanda Ba\u015fbakan\u0131 Dick Schoof, toplumsal medya hesab\u0131ndan, iki \u00fclke ortas\u0131nda g\u00fc\u00e7l\u00fc tarihi ba\u011flar oldu\u011funu payla\u015farak, &#8220;Hollanda ve ABD yak\u0131n m\u00fcttefikler. Birbirleriyle ve NATO \u00fczere milletleraras\u0131 ba\u011flamda yak\u0131n bir formda birlikte \u00e7al\u0131\u015f\u0131yorlar.&#8221; a\u00e7\u0131klamas\u0131nda bulundu.<\/p>\n<p>Trump ve Vance ile uygun i\u015ftiraki s\u00fcrd\u00fcrmeyi sab\u0131rs\u0131zl\u0131kla bekledi\u011fi bildirisini payla\u015fan Schoof, &#8220;H\u00fck\u00fcmet ismine kendilerini misyona ba\u015flamalar\u0131ndan \u00f6t\u00fcr\u00fc y\u00fcrekten kutluyorum.&#8221; dedi.<\/p>\n","protected":false},"excerpt":{"rendered":"<p>Avrupal\u0131 \u00f6nderler, yemin ederek misyona resmen ba\u015flayan ABD&#8217;nin 47&#8217;nci ba\u015fkan\u0131 Donald Trump&#8217;\u0131 tebrik etti.<\/p>\n","protected":false},"author":1,"featured_media":14927,"comment_status":"open","ping_status":"open","sticky":false,"template":"","format":"standard","meta":{"footnotes":""},"categories":[43],"tags":[82,3051,3129,131,3128],"class_list":["post-14926","post","type-post","status-publish","format-standard","has-post-thumbnail","hentry","category-dunya","tag-abd","tag-basbakani","tag-tebrik","tag-trump","tag-yaptigi"],"_links":{"self":[{"href":"https:\/\/ikimisli.tr\/index.php\/wp-json\/wp\/v2\/posts\/14926","targetHints":{"allow":["GET"]}}],"collection":[{"href":"https:\/\/ikimisli.tr\/index.php\/wp-json\/wp\/v2\/posts"}],"about":[{"href":"https:\/\/ikimisli.tr\/index.php\/wp-json\/wp\/v2\/types\/post"}],"author":[{"embeddable":true,"href":"https:\/\/ikimisli.tr\/index.php\/wp-json\/wp\/v2\/users\/1"}],"replies":[{"embeddable":true,"href":"https:\/\/ikimisli.tr\/index.php\/wp-json\/wp\/v2\/comments?post=14926"}],"version-history":[{"count":1,"href":"https:\/\/ikimisli.tr\/index.php\/wp-json\/wp\/v2\/posts\/14926\/revisions"}],"predecessor-version":[{"id":14928,"href":"https:\/\/ikimisli.tr\/index.php\/wp-json\/wp\/v2\/posts\/14926\/revisions\/14928"}],"wp:featuredmedia":[{"embeddable":true,"href":"https:\/\/ikimisli.tr\/index.php\/wp-json\/wp\/v2\/media\/14927"}],"wp:attachment":[{"href":"https:\/\/ikimisli.tr\/index.php\/wp-json\/wp\/v2\/media?parent=14926"}],"wp:term":[{"taxonomy":"category","embeddable":true,"href":"https:\/\/ikimisli.tr\/index.php\/wp-json\/wp\/v2\/categories?post=14926"},{"taxonomy":"post_tag","embeddable":true,"href":"https:\/\/ikimisli.tr\/index.php\/wp-json\/wp\/v2\/tags?post=14926"}],"curies":[{"name":"wp","href":"https:\/\/api.w.org\/{rel}","templated":true}]}}