{"id":14932,"date":"2025-02-27T10:12:13","date_gmt":"2025-02-27T10:12:13","guid":{"rendered":"https:\/\/ikimisli.tr\/?p=14932"},"modified":"2025-02-27T10:12:13","modified_gmt":"2025-02-27T10:12:13","slug":"oteli-isgal-ettiler-bedavaya-kaliyorlar","status":"publish","type":"post","link":"https:\/\/ikimisli.tr\/index.php\/2025\/02\/27\/oteli-isgal-ettiler-bedavaya-kaliyorlar\/","title":{"rendered":"Oteli i\u015fgal ettiler! Bedavaya kal\u0131yorlar"},"content":{"rendered":"<p>Bild&#8217;de yer alan habere nazaran; otel y\u00f6neticisi Miquel Dey\u00e1, olay\u0131n \u0130spanyol Muhte\u015fem Kupa finali s\u0131ras\u0131nda ger\u00e7ekle\u015fti\u011fini anlatt\u0131. Real Madrid ve Barcelona\u2019n\u0131n kar\u015f\u0131la\u015ft\u0131\u011f\u0131 ma\u00e7 esnas\u0131nda, sokaklar\u0131n bo\u015f oldu\u011fu bir anda otelin alarm\u0131 \u00e7ald\u0131. Sonraki g\u00fcn otelde incelemeler yapan Dey\u00e1, resepsiyonun ve ofislerin ya\u011fmaland\u0131\u011f\u0131n\u0131, bilgisayarlar\u0131n ve ba\u015fka e\u015fyalar\u0131n \u00e7al\u0131nd\u0131\u011f\u0131n\u0131 g\u00f6rd\u00fc. Lobideki duvarlara ise grafitiler spreylenmi\u015fti.<\/p>\n<p>Dey\u00e1, oteldeki odalar\u0131 denetim ederken i\u015fgalci Antonio isimli bir \u015fah\u0131sla kar\u015f\u0131la\u015ft\u0131. Antonio, \u015fa\u015fk\u0131n otel y\u00f6neticisine, \u201cBurada ya\u015f\u0131yorum, \u00fcstelik bir ayd\u0131r\u201d dedi. Antonio\u2019ya nazaran, bir ki\u015fi kendisini buraya getirmi\u015f ve bir daireyi ona kiralam\u0131\u015ft\u0131. Lakin bu ki\u015fi bir daha geri d\u00f6nmemi\u015fti.<\/p>\n<p>Antonio, otel sahibinin kendisine fizik\u00ee \u015fiddet uygulad\u0131\u011f\u0131n\u0131 ve tehdit etti\u011fini sav etti. Ayr\u0131yeten, geceleri bir tahliye grubunun daima olarak binaya gelmeye \u00e7al\u0131\u015ft\u0131\u011f\u0131n\u0131, lakin kendilerini \u015fimdi \u00e7\u0131karamad\u0131klar\u0131n\u0131 s\u00f6yledi. \u015eu anda otelde toplam d\u00f6rt i\u015fgalcinin ya\u015fad\u0131\u011f\u0131 belirtiliyor.<\/p>\n<p>\u0130spanya\u2019da \u00f6nemli bir konut sorunu ya\u015fan\u0131yor ve i\u015fgalciler mevcut kanunlar\u0131 kendi lehlerine kullan\u0131yor. Mesken sahiplerinin, i\u015fgalden sonraki birinci 48 saat i\u00e7inde polise ba\u015fvurmas\u0131 gerekiyor. Bu m\u00fcddet i\u00e7inde \u015fikayet yap\u0131lmazsa, i\u015fgalciler polis taraf\u0131ndan \u00e7\u0131kar\u0131lam\u0131yor.<\/p>\n<p>\u0130\u015fgalciler, ekseriyetle m\u00fclk\u00fcn kilidini de\u011fi\u015ftirip 48 saat boyunca i\u00e7eride kal\u0131yor. Bu durumda, \u0130spanyol maddelerine nazaran, m\u00fclk onlar\u0131n \u201cikametgah\u0131\u201d olarak kabul ediliyor. Tahliye s\u00fcreci fakat uzun ve \u015fiddetli bir t\u00fcrel s\u00fcrecin akabinde ger\u00e7ekle\u015ftirilebiliyor.<\/p>\n<p>Oteller yahut yazl\u0131k meskenler \u00fczere m\u00fclkler, bilhassa k\u0131\u015f aylar\u0131nda i\u015fgalcilere a\u00e7\u0131k maksat haline geliyor. Konut sahipleri, m\u00fclklerinin ana ikametgahlar\u0131 olmamas\u0131 durumunda, tahliye s\u00fcrecinin daha da karma\u015f\u0131k bir hale geldi\u011fini belirtiyor.<\/p>\n","protected":false},"excerpt":{"rendered":"<p>Mallorca\u2019n\u0131n Cala Bona b\u00f6lgesindeki \u201cSol y Mar\u201d oteli, d\u00f6nem sonras\u0131nda k\u0131\u015f uykusuna \u00e7ekilmi\u015fken mesken i\u015fgalcileri taraf\u0131ndan ele ge\u00e7irildi. \u0130spanyolca \u201cokupas\u201d olarak isimlendirilen mesken i\u015fgalcileri, otelin kapal\u0131 oldu\u011fu devirde ote binas\u0131na yerle\u015fti.<\/p>\n","protected":false},"author":1,"featured_media":14933,"comment_status":"open","ping_status":"open","sticky":false,"template":"","format":"standard","meta":{"footnotes":""},"categories":[43],"tags":[3130,73],"class_list":["post-14932","post","type-post","status-publish","format-standard","has-post-thumbnail","hentry","category-dunya","tag-isgalci","tag-otel"],"_links":{"self":[{"href":"https:\/\/ikimisli.tr\/index.php\/wp-json\/wp\/v2\/posts\/14932","targetHints":{"allow":["GET"]}}],"collection":[{"href":"https:\/\/ikimisli.tr\/index.php\/wp-json\/wp\/v2\/posts"}],"about":[{"href":"https:\/\/ikimisli.tr\/index.php\/wp-json\/wp\/v2\/types\/post"}],"author":[{"embeddable":true,"href":"https:\/\/ikimisli.tr\/index.php\/wp-json\/wp\/v2\/users\/1"}],"replies":[{"embeddable":true,"href":"https:\/\/ikimisli.tr\/index.php\/wp-json\/wp\/v2\/comments?post=14932"}],"version-history":[{"count":1,"href":"https:\/\/ikimisli.tr\/index.php\/wp-json\/wp\/v2\/posts\/14932\/revisions"}],"predecessor-version":[{"id":14934,"href":"https:\/\/ikimisli.tr\/index.php\/wp-json\/wp\/v2\/posts\/14932\/revisions\/14934"}],"wp:featuredmedia":[{"embeddable":true,"href":"https:\/\/ikimisli.tr\/index.php\/wp-json\/wp\/v2\/media\/14933"}],"wp:attachment":[{"href":"https:\/\/ikimisli.tr\/index.php\/wp-json\/wp\/v2\/media?parent=14932"}],"wp:term":[{"taxonomy":"category","embeddable":true,"href":"https:\/\/ikimisli.tr\/index.php\/wp-json\/wp\/v2\/categories?post=14932"},{"taxonomy":"post_tag","embeddable":true,"href":"https:\/\/ikimisli.tr\/index.php\/wp-json\/wp\/v2\/tags?post=14932"}],"curies":[{"name":"wp","href":"https:\/\/api.w.org\/{rel}","templated":true}]}}