{"id":15127,"date":"2025-02-28T00:00:10","date_gmt":"2025-02-28T00:00:10","guid":{"rendered":"https:\/\/ikimisli.tr\/?p=15127"},"modified":"2025-02-28T00:00:10","modified_gmt":"2025-02-28T00:00:10","slug":"kerem-kamisliyi-denize-atan-yigit-marcus-icin-kirmizi-bulten-talebi","status":"publish","type":"post","link":"https:\/\/ikimisli.tr\/index.php\/2025\/02\/28\/kerem-kamisliyi-denize-atan-yigit-marcus-icin-kirmizi-bulten-talebi\/","title":{"rendered":"Kerem Kam\u0131\u015fl\u0131&#8217;y\u0131 denize atan Yi\u011fit Marcus i\u00e7in k\u0131rm\u0131z\u0131 b\u00fclten talebi"},"content":{"rendered":"<p>Eski T\u00fcrkiye ho\u015fu \u015eevval \u015eahin&#8217;den ayr\u0131ld\u0131ktan sonra k\u0131skan\u00e7l\u0131k krizine giren ve eski sevgilisinin yemek yedi\u011fi Sabanc\u0131lar\u0131n torunu Kerem Kam\u0131\u015fl\u0131&#8217;y\u0131 denize atan Yi\u011fit Marcus Aral&#8217;\u0131n davas\u0131nda yeni bir geli\u015fme ya\u015fand\u0131.<\/p>\n<p>Magazin d\u00fcnyas\u0131nda b\u00fcy\u00fck yank\u0131 uyand\u0131ran ve 24 Haziran 2021&#8217;de \u00dcsk\u00fcdar&#8217;da bir restoranda ya\u015fanan olay\u0131n akabinde &#8216;olas\u0131 kastla \u00f6ld\u00fcrmeye te\u015febb\u00fcs&#8217;, &#8216;tehdit&#8217;, &#8216;\u00f6zel hayata ait imaj ve sesleri if\u015fa etmek&#8217; ve &#8216;hakaret&#8217; kabahatlerinden 34 y\u0131la kadar mahpus cezas\u0131 istenen Yi\u011fit Marcus Aral&#8217;\u0131n yarg\u0131lanmas\u0131na 30 Kas\u0131m 2021 g\u00fcn\u00fc ba\u015fland\u0131.<\/p>\n<p>Aradan yakla\u015f\u0131k 3,5 y\u0131l ge\u00e7mesine kar\u015f\u0131n ve hakk\u0131nda yakalama karar\u0131 bulunan Aral tekrar duru\u015fmaya kat\u0131lmad\u0131.<\/p>\n<p>KIRMIZI B\u00dcLTEN TALEB\u0130<\/p>\n<p>K\u0131rm\u0131z\u0131 b\u00fclten talebi<br \/>Sabah&#8217;\u0131n haberine nazaran; davan\u0131n 13. celsesinde mahkeme, Amerika Birle\u015fik Devletleri&#8217;nin Miami kentinde ya\u015fad\u0131\u011f\u0131 bilinen Yi\u011fit Marcus Aral hakk\u0131nda \u00e7\u0131kar\u0131lan yakalama karar\u0131n\u0131n \u015fimdi infaz edilemedi\u011fini belirtti. M\u00fc\u015fteki Kerem Kam\u0131\u015fl\u0131&#8217;n\u0131n avukat\u0131 bu durum \u00fczerine san\u0131\u011f\u0131n taamm\u00fcden duru\u015fmaya kat\u0131lmad\u0131\u011f\u0131n\u0131 belirterek, &#8220;San\u0131k hakaret tehdit, \u00f6zel hayata ait c\u00fcr\u00fcmleri i\u015flemi\u015ftir. M\u00fcvekkilin can\u0131na kast etmi\u015ftir. K\u0131rm\u0131z\u0131 b\u00fclten talebimiz vard\u0131r. Hakk\u0131nda k\u0131rm\u0131z\u0131 b\u00fclten karar\u0131 verilmesini talep ederiz&#8221; dedi.<\/p>\n<p>Cumhuriyet Savc\u0131s\u0131, san\u0131k hakk\u0131nda \u00e7\u0131kart\u0131lan yakalama karar\u0131n\u0131n motamot devam\u0131 ile infaz\u0131n\u0131n beklenmesine karar verilmesini talep etti.<\/p>\n","protected":false},"excerpt":{"rendered":"<p>Eski sevgilisi, Miss Turkey 2018 birincisi \u015eevval \u015eahin ile yemek yiyen Sabanc\u0131lar\u0131n torunu Kerem Kam\u0131\u015fl\u0131&#8217;y\u0131 sandalyesiyle birlikte denize atan ve \u00f6ld\u00fcrmeye te\u015febb\u00fcsten 34 y\u0131la kadar mahpusu istenen Yi\u011fit Marcus Aral i\u00e7in k\u0131rm\u0131z\u0131 b\u00fclten talep edildi.<\/p>\n","protected":false},"author":1,"featured_media":15128,"comment_status":"open","ping_status":"open","sticky":false,"template":"","format":"standard","meta":{"footnotes":""},"categories":[27],"tags":[149],"class_list":["post-15127","post","type-post","status-publish","format-standard","has-post-thumbnail","hentry","category-magazin","tag-karar"],"_links":{"self":[{"href":"https:\/\/ikimisli.tr\/index.php\/wp-json\/wp\/v2\/posts\/15127","targetHints":{"allow":["GET"]}}],"collection":[{"href":"https:\/\/ikimisli.tr\/index.php\/wp-json\/wp\/v2\/posts"}],"about":[{"href":"https:\/\/ikimisli.tr\/index.php\/wp-json\/wp\/v2\/types\/post"}],"author":[{"embeddable":true,"href":"https:\/\/ikimisli.tr\/index.php\/wp-json\/wp\/v2\/users\/1"}],"replies":[{"embeddable":true,"href":"https:\/\/ikimisli.tr\/index.php\/wp-json\/wp\/v2\/comments?post=15127"}],"version-history":[{"count":1,"href":"https:\/\/ikimisli.tr\/index.php\/wp-json\/wp\/v2\/posts\/15127\/revisions"}],"predecessor-version":[{"id":15129,"href":"https:\/\/ikimisli.tr\/index.php\/wp-json\/wp\/v2\/posts\/15127\/revisions\/15129"}],"wp:featuredmedia":[{"embeddable":true,"href":"https:\/\/ikimisli.tr\/index.php\/wp-json\/wp\/v2\/media\/15128"}],"wp:attachment":[{"href":"https:\/\/ikimisli.tr\/index.php\/wp-json\/wp\/v2\/media?parent=15127"}],"wp:term":[{"taxonomy":"category","embeddable":true,"href":"https:\/\/ikimisli.tr\/index.php\/wp-json\/wp\/v2\/categories?post=15127"},{"taxonomy":"post_tag","embeddable":true,"href":"https:\/\/ikimisli.tr\/index.php\/wp-json\/wp\/v2\/tags?post=15127"}],"curies":[{"name":"wp","href":"https:\/\/api.w.org\/{rel}","templated":true}]}}