{"id":15327,"date":"2025-02-28T15:12:09","date_gmt":"2025-02-28T15:12:09","guid":{"rendered":"https:\/\/ikimisli.tr\/?p=15327"},"modified":"2025-02-28T15:12:09","modified_gmt":"2025-02-28T15:12:09","slug":"bir-haftada-17-bin-basvuru-yapildi-istanbul-basi-cekti","status":"publish","type":"post","link":"https:\/\/ikimisli.tr\/index.php\/2025\/02\/28\/bir-haftada-17-bin-basvuru-yapildi-istanbul-basi-cekti\/","title":{"rendered":"Bir haftada 17 bin ba\u015fvuru yap\u0131ld\u0131: \u0130stanbul ba\u015f\u0131 \u00e7ekti"},"content":{"rendered":"<p>Aile\u00a0 ve Sosyal Hizmetler Bakanl\u0131\u011f\u0131 taraf\u0131ndan, aile m\u00fcessesesinin desteklenmesi, g\u00fc\u00e7lendirilmesi, gen\u00e7lerin toplumsal risklere kar\u015f\u0131 korunmas\u0131 ve geli\u015fimlerine takviye sa\u011flanmas\u0131na dair kayna\u011f\u0131n olu\u015fturulmas\u0131 i\u00e7in Aile ve Gen\u00e7lik Fonu kuruldu.<\/p>\n<div>\n<div>\n<p>Fona birinci m\u00fcracaatlar, 15 \u015eubat 2024&#8217;ten bu yana Kahramanmara\u015f merkezli 6 \u015eubat 2023 sars\u0131nt\u0131lar\u0131ndan etkilenen vilayetlerdeki \u00e7iftlerden al\u0131nmaya ba\u015flad\u0131.<\/p>\n<p>Aile ve Gen\u00e7lik Fonu kapsam\u0131nda, aile kurma yolunda birinci ad\u0131m\u0131 atacak gen\u00e7lerden ba\u015fvurusu onaylanan \u00e7iftlere, 48 ay vadeli, 2 y\u0131l geri \u00f6demesiz, 150 bin lira fiyat\u0131nda faizsiz kredi takviyesi sa\u011flan\u0131yor.<\/p>\n<p>Ayn\u0131 vakitte \u00e7iftlere, evlilik \u00f6ncesi ve sonras\u0131 e\u011fitimle dan\u0131\u015fmanl\u0131k hizmetleri de sa\u011flan\u0131yor.<\/p>\n<p><b>EN \u00c7OK M\u00dcRACAAT \u0130STANBUL&#8217;DAN<\/b><\/p>\n<p>Cumhurba\u015fkan\u0131 Erdo\u011fan, 13 Ocak&#8217;ta d\u00fczenlenen Aile Y\u0131l\u0131 Tan\u0131t\u0131m Program\u0131&#8217;nda, &#8220;Yeni evlenecek gen\u00e7lerimize Aile ve Gen\u00e7lik Fonu dahilinde verdi\u011fimiz faizsiz kredi dayana\u011f\u0131n\u0131 81 vilayetimizin tamam\u0131nda uygulamaya al\u0131yoruz&#8221; demi\u015fti.<\/p>\n<p>Fonun \u00fclke genelinde uygulanmas\u0131 karar\u0131 sonras\u0131 evlilik yolundaki \u00e7ok say\u0131da \u00e7ift faizsiz kredi dayana\u011f\u0131na ba\u015fvurdu. Bu \u00e7er\u00e7evede 13 Ocak&#8217;tan bug\u00fcne fona 17 bin 192 \u00e7ift m\u00fcracaatta bulundu.<\/p>\n<p>Ayr\u0131ca kelam konusu takviyeye en \u00e7ok m\u00fcracaat s\u0131ras\u0131yla \u0130stanbul, \u015eanl\u0131urfa ve Ankara&#8217;dan geldi.<\/p>\n<p><b>BA\u015eVURU \u015eARTLARI<\/b><\/p>\n<p>Fona ba\u015fvurmak isteyen \u00e7iftlerin, m\u00fcracaat tarihi prestijiyle 18-29 ya\u015f ortas\u0131nda olmalar\u0131, ta\u015f\u0131nmaz sahibi ya da hissedar\u0131 olmamalar\u0131, \u00e7iftlerin son 6 ayl\u0131k gelir toplam\u0131 ortalamas\u0131n\u0131n ve son aya ili\u015fkin gelirleri toplam\u0131n\u0131n minimum fiyat\u0131n 2,3 kat\u0131ndan fazla olmamas\u0131, m\u00fcracaat tarihi prestijiyle resmi nikah g\u00fcn\u00fcne en az 2 ay, en fazla 6 ay kalm\u0131\u015f olmas\u0131 kurallar\u0131n\u0131 ta\u015f\u0131mas\u0131 gerekiyor.<\/p>\n<p>Evlilik yolundaki gen\u00e7 \u00e7iftler kelam konusu fona &#8220;e-Devlet&#8221; ile &#8220;https:\/\/ailegenclikfonu.aile.gov.tr\/&#8221; adresi \u00fczerinden m\u00fcracaat yapabiliyor.\u00a0<\/p>\n<\/p><\/div>\n<\/p><\/div>\n","protected":false},"excerpt":{"rendered":"<p>Cumhurba\u015fkan\u0131 Recep Tayyip Erdo\u011fan&#8217;\u0131n, &#8220;Aile Y\u0131l\u0131&#8221; m\u00fcnasebetiyle Aile ve Gen\u00e7lik Fonu&#8217;nun 81 ile yayg\u0131nla\u015ft\u0131r\u0131lmas\u0131 a\u00e7\u0131klamalar\u0131n\u0131n akabinde 13 Ocak&#8217;tan bug\u00fcne fona 17 bin 192 \u00e7ift ba\u015fvurdu.<\/p>\n","protected":false},"author":1,"featured_media":15328,"comment_status":"open","ping_status":"open","sticky":false,"template":"","format":"standard","meta":{"footnotes":""},"categories":[24],"tags":[87,316,547,1424],"class_list":["post-15327","post","type-post","status-publish","format-standard","has-post-thumbnail","hentry","category-ekonomi","tag-aile","tag-basvuru","tag-cift","tag-genc"],"_links":{"self":[{"href":"https:\/\/ikimisli.tr\/index.php\/wp-json\/wp\/v2\/posts\/15327","targetHints":{"allow":["GET"]}}],"collection":[{"href":"https:\/\/ikimisli.tr\/index.php\/wp-json\/wp\/v2\/posts"}],"about":[{"href":"https:\/\/ikimisli.tr\/index.php\/wp-json\/wp\/v2\/types\/post"}],"author":[{"embeddable":true,"href":"https:\/\/ikimisli.tr\/index.php\/wp-json\/wp\/v2\/users\/1"}],"replies":[{"embeddable":true,"href":"https:\/\/ikimisli.tr\/index.php\/wp-json\/wp\/v2\/comments?post=15327"}],"version-history":[{"count":1,"href":"https:\/\/ikimisli.tr\/index.php\/wp-json\/wp\/v2\/posts\/15327\/revisions"}],"predecessor-version":[{"id":15329,"href":"https:\/\/ikimisli.tr\/index.php\/wp-json\/wp\/v2\/posts\/15327\/revisions\/15329"}],"wp:featuredmedia":[{"embeddable":true,"href":"https:\/\/ikimisli.tr\/index.php\/wp-json\/wp\/v2\/media\/15328"}],"wp:attachment":[{"href":"https:\/\/ikimisli.tr\/index.php\/wp-json\/wp\/v2\/media?parent=15327"}],"wp:term":[{"taxonomy":"category","embeddable":true,"href":"https:\/\/ikimisli.tr\/index.php\/wp-json\/wp\/v2\/categories?post=15327"},{"taxonomy":"post_tag","embeddable":true,"href":"https:\/\/ikimisli.tr\/index.php\/wp-json\/wp\/v2\/tags?post=15327"}],"curies":[{"name":"wp","href":"https:\/\/api.w.org\/{rel}","templated":true}]}}