{"id":15528,"date":"2025-03-01T04:24:05","date_gmt":"2025-03-01T04:24:05","guid":{"rendered":"https:\/\/ikimisli.tr\/?p=15528"},"modified":"2025-03-01T04:24:05","modified_gmt":"2025-03-01T04:24:05","slug":"kendisini-doktora-goturmek-isteyen-babasini-bicakladi","status":"publish","type":"post","link":"https:\/\/ikimisli.tr\/index.php\/2025\/03\/01\/kendisini-doktora-goturmek-isteyen-babasini-bicakladi\/","title":{"rendered":"Kendisini doktora g\u00f6t\u00fcrmek isteyen babas\u0131n\u0131 b\u0131\u00e7aklad\u0131"},"content":{"rendered":"<p>Olay, 19 Ocak&#8217;ta saat 18.00 s\u0131ralar\u0131nda k\u0131rsal Tahtak\u00f6pr\u00fc Mahallesi&#8217;nde meydana geldi. Talat K., teze nazaran ruhsal tedavi g\u00f6ren o\u011flu Kadir K.&#8217;nin durumu a\u011f\u0131rla\u015f\u0131nca hastaneye g\u00f6t\u00fcrmek istedi. Hastaneye gitmek istemeyen Kadir K. ile babas\u0131 ortas\u0131nda tart\u0131\u015fma \u00e7\u0131kt\u0131. Kadir K., kendisini doktora gitmek i\u00e7in ikna etmeye \u00e7al\u0131\u015fan babas\u0131n\u0131 mutfaktan ald\u0131\u011f\u0131 ekmek b\u0131\u00e7a\u011f\u0131yla yaralad\u0131. Talat K. karn\u0131na ald\u0131\u011f\u0131 b\u0131\u00e7ak darbesiyle yere y\u0131\u011f\u0131l\u0131rken, o\u011flu meskenden ka\u00e7t\u0131.<\/p>\n<p><b><strong>S\u0130N\u0130RLEND\u0130\u011e\u0130 \u0130\u00c7\u0130N BI\u00c7AKLAMI\u015e<\/strong><\/b><\/p>\n<p>Kom\u015fular\u0131 taraf\u0131ndan \u00f6zel ara\u00e7la \u0130neg\u00f6l Devlet Hastanesi&#8217;nde g\u00f6t\u00fcr\u00fclen Talat K., tedavisinin akabinde taburcu edilirken, ka\u00e7an o\u011flu d\u00fcn meskenlerine 10 kilometre aral\u0131ktaki Eski Karacakaya Mahallesi&#8217;nde jandarma tak\u0131mlar\u0131nca yakaland\u0131. S\u00fcre\u00e7lerinin akabinde adliyeye sevk edilen Kadir T., \u00e7\u0131kar\u0131ld\u0131\u011f\u0131 mahkemede tutukland\u0131. Kadir K.&#8217;nin tabirinde, &#8220;Beni hastaneye g\u00f6t\u00fcrmek i\u00e7in \u0131srar edince sinirlendim ve b\u0131\u00e7aklad\u0131m&#8221; dedi\u011fi belirtildi.<\/p>\n","protected":false},"excerpt":{"rendered":"<p>Bursa&#8217;n\u0131n \u0130neg\u00f6l il\u00e7esinde 28 ya\u015f\u0131ndaki Kadir K. ruhsal s\u0131k\u0131nt\u0131lar\u0131 oldu\u011fu gerek\u00e7esiyle kendisini doktora g\u00f6t\u00fcrmek isteyen babas\u0131n\u0131 b\u0131\u00e7aklad\u0131.<\/p>\n","protected":false},"author":1,"featured_media":15529,"comment_status":"open","ping_status":"open","sticky":false,"template":"","format":"standard","meta":{"footnotes":""},"categories":[25],"tags":[3223],"class_list":["post-15528","post","type-post","status-publish","format-standard","has-post-thumbnail","hentry","category-gundem","tag-kadir"],"_links":{"self":[{"href":"https:\/\/ikimisli.tr\/index.php\/wp-json\/wp\/v2\/posts\/15528","targetHints":{"allow":["GET"]}}],"collection":[{"href":"https:\/\/ikimisli.tr\/index.php\/wp-json\/wp\/v2\/posts"}],"about":[{"href":"https:\/\/ikimisli.tr\/index.php\/wp-json\/wp\/v2\/types\/post"}],"author":[{"embeddable":true,"href":"https:\/\/ikimisli.tr\/index.php\/wp-json\/wp\/v2\/users\/1"}],"replies":[{"embeddable":true,"href":"https:\/\/ikimisli.tr\/index.php\/wp-json\/wp\/v2\/comments?post=15528"}],"version-history":[{"count":1,"href":"https:\/\/ikimisli.tr\/index.php\/wp-json\/wp\/v2\/posts\/15528\/revisions"}],"predecessor-version":[{"id":15530,"href":"https:\/\/ikimisli.tr\/index.php\/wp-json\/wp\/v2\/posts\/15528\/revisions\/15530"}],"wp:featuredmedia":[{"embeddable":true,"href":"https:\/\/ikimisli.tr\/index.php\/wp-json\/wp\/v2\/media\/15529"}],"wp:attachment":[{"href":"https:\/\/ikimisli.tr\/index.php\/wp-json\/wp\/v2\/media?parent=15528"}],"wp:term":[{"taxonomy":"category","embeddable":true,"href":"https:\/\/ikimisli.tr\/index.php\/wp-json\/wp\/v2\/categories?post=15528"},{"taxonomy":"post_tag","embeddable":true,"href":"https:\/\/ikimisli.tr\/index.php\/wp-json\/wp\/v2\/tags?post=15528"}],"curies":[{"name":"wp","href":"https:\/\/api.w.org\/{rel}","templated":true}]}}