{"id":15564,"date":"2025-03-01T07:36:07","date_gmt":"2025-03-01T07:36:07","guid":{"rendered":"https:\/\/ikimisli.tr\/?p=15564"},"modified":"2025-03-01T07:36:07","modified_gmt":"2025-03-01T07:36:07","slug":"ogrencisi-olmayan-bolume-adrese-teslim-ogretim-uyesi-alimi","status":"publish","type":"post","link":"https:\/\/ikimisli.tr\/index.php\/2025\/03\/01\/ogrencisi-olmayan-bolume-adrese-teslim-ogretim-uyesi-alimi\/","title":{"rendered":"\u00d6\u011frencisi olmayan b\u00f6l\u00fcme adrese teslim \u00f6\u011fretim \u00fcyesi al\u0131m\u0131!"},"content":{"rendered":"<p>Karamano\u011flu Mehmetbey \u00dcniversitesi\u2019nde \u00a030 Aral\u0131k 2024 tarihinde farkl\u0131 alanlarda Profes\u00f6r, Do\u00e7ent ve Doktor \u00d6\u011fretim \u00dcyesi tak\u0131mlar\u0131 i\u00e7in \u00f6\u011fretim \u00fcyesi al\u0131m ilan\u0131 yay\u0131mland\u0131. \u00dcniversitenin \u00a0resmi internet sitesinde de yay\u0131mlanan ilanlar\u0131n kimilerinin adrese teslim oldu\u011fu arg\u00fcman edildi. \u0130landa ayr\u0131yeten Y\u00d6K\u2019\u00fcn karar\u0131 da yok say\u0131ld\u0131 ve \u201c\u00d6zel \u015eartlar\u201d k\u0131sm\u0131 yer ald\u0131.\u00a0<\/p>\n<p>S\u00f6z konusu ilanlar ortas\u0131nda ise en dikkat cazip olan\u0131 Teknik Bilimler ve Meslek Y\u00fcksekokulu\u2019nda Kimya ve Kimyasal S\u00fcrece Teknolojileri B\u00f6l\u00fcm\u00fc\u2019ne al\u0131nacak olan bir \u00f6\u011fretim \u00fcyesi al\u0131m ilan\u0131 oldu. \u0130landa \u00a0\u201cSDS-PAGE biyokimyasal mark\u00f6r ve derin \u00f6\u011frenme modelleri kullan\u0131larak tah\u0131llar\u0131n karakterizasyonu bahislerinde \u00e7al\u0131\u015fmalar\u0131 olmak\u201d kaidesi istendi. \u00a0<\/p>\n<p><b>\u00d6\u011eRENC\u0130S\u0130 OLMAYAN KISMA ADRESE TESL\u0130M \u0130LAN\u00a0<\/b><\/p>\n<p>S\u00d6ZC\u00dc\u2019ye ula\u015fan kaynaklar, Teknik Bilimler Meslek Y\u00fcksekokulu\u2019nda Kimya ve Kimyasal S\u00fcrece Teknolojileri K\u0131sm\u0131nda \u00f6\u011frenci olmamas\u0131na kar\u015f\u0131n \u00fcniversitenin bu k\u0131sma \u00f6\u011fretim \u00fcyesi almaya \u00e7al\u0131\u015ft\u0131\u011f\u0131n\u0131 ve ilan\u0131n bireye \u00f6zel oldu\u011funu aktard\u0131.\u00a0<\/p>\n<p>\u00d6te yandan Y\u00d6K \u00d6nlisans Atlas\u0131nda da Karamano\u011flu Mehmetbey \u00dcniversitesi\u2019nde Kimya ve Kimyasal S\u00fcrece Teknolojileri K\u0131sm\u0131n\u0131n bulunmad\u0131\u011f\u0131 g\u00f6r\u00fcl\u00fcyor.\u00a0<\/p>\n<p><img decoding=\"async\" src=\"https:\/\/ikimisli.tr\/wp-content\/uploads\/2025\/03\/ogrencisi-olmayan-bolume-adrese-teslim-ogretim-uyesi-alimi-0-x9Gw8MrM.jpg\"\/><\/p>\n<p><b>AYNI TAR\u0130HTE YAYIMLANAN B\u0130R D\u0130\u011eER \u0130LAN \u0130SE \u0130PTAL ED\u0130LM\u0130\u015eT\u0130\u00a0<\/b><\/p>\n<p>\u00d6te yandan yeniden t\u0131pk\u0131 tarihte Resmi Gazete\u2019de Yay\u0131mlanan tak\u0131m ilan\u0131nda T\u0131bbi Patoloji Ana Bilim K\u0131sm\u0131 i\u00e7in de Doktor \u00d6\u011fretim \u00dcyesi al\u0131naca\u011f\u0131 duyuruldu. \u0130landa, \u00a0&#8220;K\u00fc\u00e7\u00fck h\u00fccreli akci\u011fer kanserlerinde kimi markerlar\u0131n prognostik k\u0131ymeti konusunda \u00e7al\u0131\u015fmas\u0131 olmak&#8221; kaidesi \u00a0konuldu. \u0130landaki kaidelerin Konya Necmettin Erbakan \u00dcniversitesi&#8217;nde uzmanl\u0131\u011f\u0131n\u0131 tamamlad\u0131ktan sonra Aksaray E\u011fitim ve Ara\u015ft\u0131rma Hastanesi&#8217;nde misyona devam eden Selda T. A\u2019y\u0131 i\u015faret etti\u011fi sav edildi.\u00a0<\/p>\n<p><img decoding=\"async\" src=\"https:\/\/ikimisli.tr\/wp-content\/uploads\/2025\/03\/ogrencisi-olmayan-bolume-adrese-teslim-ogretim-uyesi-alimi-1-OGMEsJLh.jpeg\"\/><\/p>\n<p><b>\u015eARTTA YER ALAN \u00c7ALI\u015eMALARA SAH\u0130P\u00a0<\/b><\/p>\n<p>Doktor Seda T. A&#8217;n\u0131n da a\u00e7\u0131lan tak\u0131m ilan\u0131ndaki istenilen benzeri bir \u00e7al\u0131\u015fmaya sahip oldu\u011fu, \u00a02023&#8217;te yay\u0131mlanan uzmanl\u0131k tezinin isminin ise &#8216;K\u00fc\u00e7\u00fck h\u00fccreli d\u0131\u015f\u0131 akci\u011fer kanserlerinde imm\u00fcnhistokimyasal CMT6 ve PD-L1&#8217;in klikopatolojik ve progrnostik \u00f6nemi&#8217; oldu\u011fu \u00f6\u011frenildi.<br \/>S\u00f6z konusu ilan gelen reaksiyonlar\u0131n akabinde iptal edildi.\u00a0<\/p>\n<p>\u00a0<\/p>\n","protected":false},"excerpt":{"rendered":"<p>Karamano\u011flu Mehmet \u00dcniversitesi\u2019nde \u00f6\u011frencisi bulunmayan k\u0131sma adrese teslim \u00f6\u011fretim \u00fcyesi ilan\u0131 verildi.<\/p>\n","protected":false},"author":1,"featured_media":15565,"comment_status":"open","ping_status":"open","sticky":false,"template":"","format":"standard","meta":{"footnotes":""},"categories":[25],"tags":[1400,3228,3227,3229],"class_list":["post-15564","post","type-post","status-publish","format-standard","has-post-thumbnail","hentry","category-gundem","tag-ilan","tag-ilani","tag-kimya","tag-ogretim-uyesi"],"_links":{"self":[{"href":"https:\/\/ikimisli.tr\/index.php\/wp-json\/wp\/v2\/posts\/15564","targetHints":{"allow":["GET"]}}],"collection":[{"href":"https:\/\/ikimisli.tr\/index.php\/wp-json\/wp\/v2\/posts"}],"about":[{"href":"https:\/\/ikimisli.tr\/index.php\/wp-json\/wp\/v2\/types\/post"}],"author":[{"embeddable":true,"href":"https:\/\/ikimisli.tr\/index.php\/wp-json\/wp\/v2\/users\/1"}],"replies":[{"embeddable":true,"href":"https:\/\/ikimisli.tr\/index.php\/wp-json\/wp\/v2\/comments?post=15564"}],"version-history":[{"count":1,"href":"https:\/\/ikimisli.tr\/index.php\/wp-json\/wp\/v2\/posts\/15564\/revisions"}],"predecessor-version":[{"id":15568,"href":"https:\/\/ikimisli.tr\/index.php\/wp-json\/wp\/v2\/posts\/15564\/revisions\/15568"}],"wp:featuredmedia":[{"embeddable":true,"href":"https:\/\/ikimisli.tr\/index.php\/wp-json\/wp\/v2\/media\/15565"}],"wp:attachment":[{"href":"https:\/\/ikimisli.tr\/index.php\/wp-json\/wp\/v2\/media?parent=15564"}],"wp:term":[{"taxonomy":"category","embeddable":true,"href":"https:\/\/ikimisli.tr\/index.php\/wp-json\/wp\/v2\/categories?post=15564"},{"taxonomy":"post_tag","embeddable":true,"href":"https:\/\/ikimisli.tr\/index.php\/wp-json\/wp\/v2\/tags?post=15564"}],"curies":[{"name":"wp","href":"https:\/\/api.w.org\/{rel}","templated":true}]}}