{"id":1581,"date":"2025-01-06T21:54:45","date_gmt":"2025-01-06T21:54:45","guid":{"rendered":"https:\/\/ikimisli.tr\/?p=1581"},"modified":"2025-01-06T21:54:45","modified_gmt":"2025-01-06T21:54:45","slug":"chp-aymye-basvuruyor","status":"publish","type":"post","link":"https:\/\/ikimisli.tr\/index.php\/2025\/01\/06\/chp-aymye-basvuruyor\/","title":{"rendered":"CHP AYM&#8217;ye ba\u015fvuruyor"},"content":{"rendered":"<p>Esenyurt Belediye Ba\u015fkan\u0131 Ahmet \u00d6zer\u2019in tutuklanarak yerine kayyum atanmas\u0131na kar\u015f\u0131 CHP&#8217;lilerin il\u00e7ede ba\u015flatt\u0131\u011f\u0131 n\u00f6bet devam ediyor.<\/p>\n<p>CHP Genel Lider Yard\u0131mc\u0131s\u0131 \u00d6zg\u00fcr Karabat, &#8220;AKP iktidara geldi\u011finden bug\u00fcne kadar atad\u0131\u011f\u0131 kayyumlarla 11 milyon 202 bin se\u00e7menin iradesini gasp etti. Bu gasplardan sonra girdi\u011fi birinci se\u00e7imlerde tesad\u00fcfe bak\u0131n ki yapt\u0131\u011f\u0131 uygulamalar\u0131n haks\u0131zl\u0131\u011f\u0131n\u0131 g\u00f6sterecek bi\u00e7imde kayyum atad\u0131\u011f\u0131 belediyelerin tam y\u00fczde 90&#8217;\u0131n\u0131 kaybetti. Bu bile kayyum uygulamas\u0131n\u0131n ne kadar haks\u0131z oldu\u011funu, insafs\u0131z oldu\u011funu g\u00f6sterir&#8221; dedi.\u00a0<\/p>\n<p><b>&#8220;HUKUK G\u00dcVENL\u0130\u011e\u0130 YOK&#8221;<\/b><\/p>\n<p>Karabat, Ahmet \u00d6zer&#8217;in \u015fafak operasyonuyla g\u00f6zalt\u0131na al\u0131nd\u0131\u011f\u0131n\u0131 hat\u0131rlatarak, &#8220;68 g\u00fcn ge\u00e7mi\u015f olmas\u0131na kar\u015f\u0131n bir iddianameyi haz\u0131rlamadan i\u00e7eride \u00d6zer&#8217;i tutuyorlar. &#8216;Sen i\u00e7eri gir, sonra biz sana bir c\u00fcr\u00fcm buluruz&#8217; dediler ve hala bir c\u00fcr\u00fcm bulamad\u0131lar, bulamayacaklar. T\u00fcrkiye&#8217;de hukuk g\u00fcvenli\u011fi yok. Bu asl\u0131nda d\u00fcped\u00fcz despotizm, d\u00fcped\u00fcz tek adam rejiminin ger\u00e7ekle\u015fmi\u015f halidir&#8221; diye konu\u015ftu.<\/p>\n<p>Karabat, \u00d6zer&#8217;in yerine atanan kayyum Can Aksoy&#8217;un Esenyurt Belediyesi&#8217;nde torpil yapt\u0131\u011f\u0131n\u0131 sav ederek, \u015fu tabirleri kulland\u0131;<\/p>\n<p>*AKP&#8217;nin atad\u0131\u011f\u0131 kayyum Esenyurt&#8217;ta ne yap\u0131yor? AKP&#8217;lileri i\u015fe at\u0131yor. Ne yapm\u0131\u015f bu kayyum, kimleri misyona getirmi\u015f? 5 Lider Yard\u0131mc\u0131s\u0131, 18 M\u00fcd\u00fcr atam\u0131\u015f, 4 m\u00fcd\u00fcrl\u00fc\u011f\u00fc ortadan kald\u0131rm\u0131\u015ft\u0131r. Pekala bunlar kim? \u00c7oklukla AKP&#8217;nin se\u00e7im kaybetti\u011fi Beykoz&#8217;dan, Beyo\u011flu&#8217;ndan, Bayrampa\u015fa&#8217;dan, Ey\u00fcpsultan&#8217;dan getirdi\u011fi kendi partilileri&#8230;<\/p>\n<p>*Esenyurt&#8217;un devrik ba\u015fkan\u0131 Necmi Kad\u0131o\u011flu&#8217;nun m\u00fcd\u00fcrlerini misyonlara getirmi\u015fler. Tefti\u015f m\u00fcd\u00fcr\u00fc \u00f6nceki d\u00f6nem il\u00e7e liderinin kay\u0131n biraderi, ruhsat m\u00fcd\u00fcr\u00fc de \u015fimdiki il\u00e7e liderinin kay\u0131nbiraderi. Hani akraba atanm\u0131yordu?<\/p>\n<p>*Akraba nerede atan\u0131yormu\u015f? Sizde vicdan yok mu, insanl\u0131k kalmad\u0131 m\u0131? Partizanl\u0131\u011f\u0131n taban alas\u0131n\u0131 g\u00f6steriyorsunuz. AKP&#8217;lilerin karn\u0131n\u0131 doyurmak i\u00e7in yar\u0131\u015fa girmi\u015fler. Esenyurt&#8217;u AKP&#8217;lilere pe\u015fke\u015f \u00e7ekmek i\u00e7in yar\u0131\u015fa girmi\u015fler. Siz ak\u0131llanmayacak m\u0131s\u0131n\u0131z? Millet iradesine h\u00fcrmet g\u00f6stermeyecek misiniz?&#8221;<\/p>\n<p><b>KAYYUMA \u00c7A\u011eRI<\/b><\/p>\n<p>*\u00d6nce devletin memuru ol, bir partinin memuru olma. Bak\u0131n bu devran sarfiyat, hak eninde sonunda tecelli eder, hukuk eninde sonunda ger\u00e7ekle\u015fir. Ge\u00e7 ger\u00e7ekle\u015fir fakat hukuk ger\u00e7ekle\u015fir.<\/p>\n<p>*Sak\u0131n ola birinin memur olma, sak\u0131n ola bir partinin memuru olma olacaksan devletin memuru ol. Gurur duyacaksan da bununla gurur duy. Olacaksan Mustafa Kemal Atat\u00fcrk&#8217;\u00fcn memuru ol sen.<\/p>\n<p>*Ne emniyette, ne savc\u0131l\u0131kta ne daha sonra Say\u0131n \u00d6zer&#8217;e gizli tan\u0131kla ilgili hi\u00e7bir soru sorulmad\u0131. Avukatlar\u0131na bu bahisle ilgili hi\u00e7bir bilgi verilmedi. Ahmet \u00d6zer kendisine soru sorulmayan b\u00e2t\u0131n \u015fahit m\u00fcnasebet g\u00f6sterilerek 68 g\u00fcnd\u00fcr i\u00e7eride FET\u00d6&#8217;vari taktiklerle tutulmaya devam ediliyor. Hat\u0131rlars\u0131n\u0131z Ahmet \u00d6zer bir \u015fafak operasyonuyla vazifeli al\u0131nm\u0131\u015ft\u0131. Bir arama karar\u0131ndan bahsedilmi\u015fti.<\/p>\n<p>*Say\u0131n \u00d6zer&#8217;in bilgisayarlar\u0131na, telefonlar\u0131na, dijital bilgilerine el konulmu\u015ftu. Biz de daha sonra bunlar\u0131n imajlar\u0131n\u0131n al\u0131n\u0131p, tekrardan avukatlar\u0131na teslim edilmesi gerekti\u011fini s\u00f6ylemi\u015ftik. Halbuki arama kararlar\u0131nda dijital arama talimat\u0131 yok. Halbuki arama kararlar\u0131nda bilgisayara el koyma talimat\u0131 yok.<\/p>\n<p>*Bu ortaya \u00e7\u0131kt\u0131. Bu bir hukuksuzluktur. Hukuksuz arama yap\u0131lm\u0131\u015f, hukuksuz bask\u0131n yap\u0131lm\u0131\u015f, ki\u015finin m\u00fclk\u00fcne hukuksuz el konulmu\u015ftur. Bu adaps\u0131z s\u00fcre\u00e7lerle ilgili avukatlar\u0131m\u0131z mevzuyu Anayasa Mahkemesi&#8217;ne ta\u015f\u0131yacaklard\u0131r. Yar\u0131n Ahmet \u00d6zer&#8217;in tutukluluk talebinin reddiyle ilgili Anayasa Mahkemesi&#8217;ne ba\u015fvuracaklard\u0131r. Savc\u0131l\u0131\u011f\u0131n arama talimat\u0131 olmadan o kadar adaps\u0131z bir i\u015f yapm\u0131\u015flar ki Ahmet \u00d6zer&#8217;in belediyedeki, konutundaki telefonlar\u0131na, bilgisayarlar\u0131na el koymu\u015flar ve \u00fcstelik o dijitalleri de avukatlar\u0131na vermemi\u015fler.<\/p>\n","protected":false},"excerpt":{"rendered":"<p>CHP Genel Lider Yard\u0131mc\u0131s\u0131 \u00d6zg\u00fcr Karabat, Esenyurt&#8217;taki Demokrasi N\u00f6beti&#8217;nde yapt\u0131\u011f\u0131 konu\u015fmada, &#8220;Arama kararlar\u0131nda dijital arama talimat\u0131 yok. Arama kararlar\u0131nda bilgisayara el koyma talimat\u0131 yok. Bu hukuksuzluktur. Bu adaps\u0131z s\u00fcre\u00e7lerle ilgili avukatlar\u0131m\u0131z mevzuyu yar\u0131n Anayasa Mahkemesi&#8217;ne ta\u015f\u0131yacaklard\u0131r&#8221; dedi.<\/p>\n","protected":false},"author":1,"featured_media":1582,"comment_status":"open","ping_status":"open","sticky":false,"template":"","format":"standard","meta":{"footnotes":""},"categories":[25],"tags":[305,304,32,302,303],"class_list":["post-1581","post","type-post","status-publish","format-standard","has-post-thumbnail","hentry","category-gundem","tag-ahmet-ozer","tag-arama","tag-baskan","tag-hukuk","tag-kayyum"],"_links":{"self":[{"href":"https:\/\/ikimisli.tr\/index.php\/wp-json\/wp\/v2\/posts\/1581","targetHints":{"allow":["GET"]}}],"collection":[{"href":"https:\/\/ikimisli.tr\/index.php\/wp-json\/wp\/v2\/posts"}],"about":[{"href":"https:\/\/ikimisli.tr\/index.php\/wp-json\/wp\/v2\/types\/post"}],"author":[{"embeddable":true,"href":"https:\/\/ikimisli.tr\/index.php\/wp-json\/wp\/v2\/users\/1"}],"replies":[{"embeddable":true,"href":"https:\/\/ikimisli.tr\/index.php\/wp-json\/wp\/v2\/comments?post=1581"}],"version-history":[{"count":1,"href":"https:\/\/ikimisli.tr\/index.php\/wp-json\/wp\/v2\/posts\/1581\/revisions"}],"predecessor-version":[{"id":1583,"href":"https:\/\/ikimisli.tr\/index.php\/wp-json\/wp\/v2\/posts\/1581\/revisions\/1583"}],"wp:featuredmedia":[{"embeddable":true,"href":"https:\/\/ikimisli.tr\/index.php\/wp-json\/wp\/v2\/media\/1582"}],"wp:attachment":[{"href":"https:\/\/ikimisli.tr\/index.php\/wp-json\/wp\/v2\/media?parent=1581"}],"wp:term":[{"taxonomy":"category","embeddable":true,"href":"https:\/\/ikimisli.tr\/index.php\/wp-json\/wp\/v2\/categories?post=1581"},{"taxonomy":"post_tag","embeddable":true,"href":"https:\/\/ikimisli.tr\/index.php\/wp-json\/wp\/v2\/tags?post=1581"}],"curies":[{"name":"wp","href":"https:\/\/api.w.org\/{rel}","templated":true}]}}