{"id":16265,"date":"2025-03-03T09:12:10","date_gmt":"2025-03-03T09:12:10","guid":{"rendered":"https:\/\/ikimisli.tr\/?p=16265"},"modified":"2025-03-03T09:12:10","modified_gmt":"2025-03-03T09:12:10","slug":"saraya-yakin-isim-sinyali-verdi-zafer-partisine-operasyon-mu-geliyor","status":"publish","type":"post","link":"https:\/\/ikimisli.tr\/index.php\/2025\/03\/03\/saraya-yakin-isim-sinyali-verdi-zafer-partisine-operasyon-mu-geliyor\/","title":{"rendered":"Saray&#8217;a yak\u0131n isim sinyali verdi: Zafer Partisi&#8217;ne operasyon mu geliyor?"},"content":{"rendered":"<p>Zafer Partisi Genel Lideri \u00dcmit \u00d6zda\u011f, &#8216;halk\u0131 kin ve d\u00fc\u015fmanl\u0131\u011fa te\u015febb\u00fcs&#8217; su\u00e7lamas\u0131yla tutuklan\u0131rken Saray&#8217;a yak\u0131n isimlerden H\u00fcrriyet m\u00fcellifi Abdulkadir Selvi bug\u00fcn yaz\u0131s\u0131n\u0131n sat\u0131r ortalar\u0131nda Zafer Partisi&#8217;ne operasyona ye\u015fil \u0131\u015f\u0131k yakt\u0131, &#8216;Dosya haz\u0131rlanmal\u0131&#8217; dedi.\u00a0<\/p>\n<p>Selvi bug\u00fcnk\u00fc yaz\u0131s\u0131nda \u00d6zda\u011f&#8217;\u0131n &#8216;milli g\u00fcvenlik sorunu&#8217; oldu\u011funu savundu. \u00d6zda\u011f hakk\u0131nda daha evvel dava a\u00e7\u0131lmas\u0131 gerekti\u011fini belirtti.\u00a0<\/p>\n<p>Selvi \u015fu s\u00f6zleri kulland\u0131:\u00a0<\/p>\n<p>-\u00dcmit \u00d6zda\u011f hakk\u0131nda \u2018halk\u0131 kin ve d\u00fc\u015fmanl\u0131\u011fa sevk etme\u2019 kabahatinden soru\u015fturma a\u00e7\u0131lmas\u0131 ise gecikmi\u015f fakat yerinde bir karar.<\/p>\n<p>-Sadece \u00dcmit \u00d6zda\u011f yetmez Zafer Partisi hakk\u0131nda da \u2018halk\u0131 kin ve d\u00fc\u015fmanl\u0131\u011fa sevk etmek\u2019ten kapsaml\u0131 bir evrak haz\u0131rlanmal\u0131.<\/p>\n<p>\u00d6zda\u011f hakk\u0131nda Antalya&#8217;da yapt\u0131\u011f\u0131 konu\u015fma gerek\u00e7esiyle Cumhurba\u015fkan\u0131&#8217;na hakaret soru\u015fturmas\u0131 ba\u015flat\u0131lm\u0131\u015f, Ankara&#8217;dan \u0130stanbul&#8217;a getirilen \u00d6zda\u011f i\u00e7in &#8216;halk\u0131 kin ve d\u00fc\u015fmanl\u0131\u011fa te\u015febb\u00fcs&#8217;ten d\u00fcn ak\u015fam tutuklanm\u0131\u015ft\u0131. Hakk\u0131nda karar yaz\u0131l\u0131rken \u00d6zda\u011f avukat\u0131 arac\u0131l\u0131\u011f\u0131yla arad\u0131\u011f\u0131 \u00fcst d\u00fczey parti yetkilisine &#8220;Ben 1-2 ay yokum&#8221; demi\u015fti.\u00a0<\/p>\n<p>\u00a0<\/p>\n","protected":false},"excerpt":{"rendered":"<p>H\u00fck\u00fcmete yak\u0131n kalemlerden Abdulkadir Selvi, Zafer Partisi Genel Lideri \u00dcmit \u00d6zda\u011f&#8217;\u0131n tutuklanmas\u0131n\u0131n ard\u0131ndan Zafer Partisi i\u00e7in de operasyon sinyali verdi.<\/p>\n","protected":false},"author":1,"featured_media":16266,"comment_status":"open","ping_status":"open","sticky":false,"template":"","format":"standard","meta":{"footnotes":""},"categories":[25],"tags":[1334,241],"class_list":["post-16265","post","type-post","status-publish","format-standard","has-post-thumbnail","hentry","category-gundem","tag-hakkinda","tag-ozdag"],"_links":{"self":[{"href":"https:\/\/ikimisli.tr\/index.php\/wp-json\/wp\/v2\/posts\/16265","targetHints":{"allow":["GET"]}}],"collection":[{"href":"https:\/\/ikimisli.tr\/index.php\/wp-json\/wp\/v2\/posts"}],"about":[{"href":"https:\/\/ikimisli.tr\/index.php\/wp-json\/wp\/v2\/types\/post"}],"author":[{"embeddable":true,"href":"https:\/\/ikimisli.tr\/index.php\/wp-json\/wp\/v2\/users\/1"}],"replies":[{"embeddable":true,"href":"https:\/\/ikimisli.tr\/index.php\/wp-json\/wp\/v2\/comments?post=16265"}],"version-history":[{"count":1,"href":"https:\/\/ikimisli.tr\/index.php\/wp-json\/wp\/v2\/posts\/16265\/revisions"}],"predecessor-version":[{"id":16267,"href":"https:\/\/ikimisli.tr\/index.php\/wp-json\/wp\/v2\/posts\/16265\/revisions\/16267"}],"wp:featuredmedia":[{"embeddable":true,"href":"https:\/\/ikimisli.tr\/index.php\/wp-json\/wp\/v2\/media\/16266"}],"wp:attachment":[{"href":"https:\/\/ikimisli.tr\/index.php\/wp-json\/wp\/v2\/media?parent=16265"}],"wp:term":[{"taxonomy":"category","embeddable":true,"href":"https:\/\/ikimisli.tr\/index.php\/wp-json\/wp\/v2\/categories?post=16265"},{"taxonomy":"post_tag","embeddable":true,"href":"https:\/\/ikimisli.tr\/index.php\/wp-json\/wp\/v2\/tags?post=16265"}],"curies":[{"name":"wp","href":"https:\/\/api.w.org\/{rel}","templated":true}]}}