{"id":16372,"date":"2025-03-03T15:12:08","date_gmt":"2025-03-03T15:12:08","guid":{"rendered":"https:\/\/ikimisli.tr\/?p=16372"},"modified":"2025-03-03T15:12:08","modified_gmt":"2025-03-03T15:12:08","slug":"gida-komitesi-bakan-bolat-bakanliginda-toplandi","status":"publish","type":"post","link":"https:\/\/ikimisli.tr\/index.php\/2025\/03\/03\/gida-komitesi-bakan-bolat-bakanliginda-toplandi\/","title":{"rendered":"G\u0131da Komitesi Bakan Bolat bakanl\u0131\u011f\u0131nda topland\u0131"},"content":{"rendered":"<p>Ticaret Bakanl\u0131\u011f\u0131ndan yap\u0131lan a\u00e7\u0131klamaya nazaran, toplant\u0131ya Hazine ve Maliye Bakan\u0131 Mehmet \u015eim\u015fek ile Tar\u0131m ve Orman Bakan\u0131 \u0130brahim Yumakl\u0131 da kat\u0131ld\u0131.<\/p>\n<p>Toplant\u0131da, T\u00fcrkiye Odalar ve Borsalar Birli\u011fi (TOBB), T\u00fcrkiye Esnaf ve Sanatkarlar\u0131 Konfederasyonu (TESK), perakende, yumurta, besin ve gereksinim hususlar\u0131, k\u0131rm\u0131z\u0131 et, kanatl\u0131 hayvanc\u0131l\u0131k, un, makarna, ya\u011f, s\u00fct, ambalajl\u0131 su, toptanc\u0131 halleri ile bakliyat kesiminin \u00fcst seviye temsilcileri yer ald\u0131. Toplant\u0131da, ramazan ay\u0131 \u00f6ncesinde vatanda\u015flar\u0131n temel besin eserlerine eri\u015fimlerinde rastgele bir meseleyle kar\u015f\u0131la\u015fmamalar\u0131 emeliyle g\u00f6r\u00fc\u015fmeler yap\u0131ld\u0131.<\/p>\n<p>Ramazan ay\u0131 devrinde ve y\u0131l boyunca besin b\u00f6l\u00fcm\u00fcnde arz ve sa\u011fl\u0131kl\u0131 fiyat olu\u015fumu, besin komitesi taraf\u0131ndan al\u0131nacak \u00f6nlemler hakk\u0131nda b\u00f6l\u00fcm temsilcileri ve ilgili kurumlarca bilgilendirmelerin yap\u0131ld\u0131\u011f\u0131 toplant\u0131da, y\u0131l\u0131n tamam\u0131nda enflasyonla \u00e7aba konusunda h\u00fck\u00fcmetin kararl\u0131l\u0131\u011f\u0131 teyit edildi.<\/p>\n<p>Toplant\u0131da, Ticaret, Hazine ve Maliye ile Tar\u0131m ve Orman bakanl\u0131klar\u0131n\u0131n, ticaret hayat\u0131n\u0131n her alan\u0131nda oldu\u011fu \u00fczere besin piyasalar\u0131nda da adil, rekabet\u00e7i ve \u015feffaf bir ticaret ortam\u0131 tesis etmek suretiyle, besin enflasyonuyla \u00e7abay\u0131 kararl\u0131l\u0131kla s\u00fcrd\u00fcrecekleri, gerekli b\u00fct\u00fcn \u00f6nlemleri titizlikle uygulamaya devam edecekleri vurguland\u0131.<\/p>\n<p>\u00a0<\/p>\n","protected":false},"excerpt":{"rendered":"<p>Besin ve Zira\u00ee Eser Piyasalar\u0131 \u0130zleme ve K\u0131ymetlendirme Komitesi Toplant\u0131s\u0131, Ticaret Bakan\u0131 \u00d6mer Bolat&#8217;\u0131n ev sahipli\u011finde, Bakanl\u0131k binas\u0131nda ger\u00e7ekle\u015ftirildi.<\/p>\n","protected":false},"author":1,"featured_media":16373,"comment_status":"open","ping_status":"open","sticky":false,"template":"","format":"standard","meta":{"footnotes":""},"categories":[24],"tags":[522],"class_list":["post-16372","post","type-post","status-publish","format-standard","has-post-thumbnail","hentry","category-ekonomi","tag-gida"],"_links":{"self":[{"href":"https:\/\/ikimisli.tr\/index.php\/wp-json\/wp\/v2\/posts\/16372","targetHints":{"allow":["GET"]}}],"collection":[{"href":"https:\/\/ikimisli.tr\/index.php\/wp-json\/wp\/v2\/posts"}],"about":[{"href":"https:\/\/ikimisli.tr\/index.php\/wp-json\/wp\/v2\/types\/post"}],"author":[{"embeddable":true,"href":"https:\/\/ikimisli.tr\/index.php\/wp-json\/wp\/v2\/users\/1"}],"replies":[{"embeddable":true,"href":"https:\/\/ikimisli.tr\/index.php\/wp-json\/wp\/v2\/comments?post=16372"}],"version-history":[{"count":1,"href":"https:\/\/ikimisli.tr\/index.php\/wp-json\/wp\/v2\/posts\/16372\/revisions"}],"predecessor-version":[{"id":16374,"href":"https:\/\/ikimisli.tr\/index.php\/wp-json\/wp\/v2\/posts\/16372\/revisions\/16374"}],"wp:featuredmedia":[{"embeddable":true,"href":"https:\/\/ikimisli.tr\/index.php\/wp-json\/wp\/v2\/media\/16373"}],"wp:attachment":[{"href":"https:\/\/ikimisli.tr\/index.php\/wp-json\/wp\/v2\/media?parent=16372"}],"wp:term":[{"taxonomy":"category","embeddable":true,"href":"https:\/\/ikimisli.tr\/index.php\/wp-json\/wp\/v2\/categories?post=16372"},{"taxonomy":"post_tag","embeddable":true,"href":"https:\/\/ikimisli.tr\/index.php\/wp-json\/wp\/v2\/tags?post=16372"}],"curies":[{"name":"wp","href":"https:\/\/api.w.org\/{rel}","templated":true}]}}