{"id":16740,"date":"2025-03-04T11:48:08","date_gmt":"2025-03-04T11:48:08","guid":{"rendered":"https:\/\/ikimisli.tr\/?p=16740"},"modified":"2025-03-04T11:48:08","modified_gmt":"2025-03-04T11:48:08","slug":"ernesto-valverde-daha-iyi-olan-besiktasti","status":"publish","type":"post","link":"https:\/\/ikimisli.tr\/index.php\/2025\/03\/04\/ernesto-valverde-daha-iyi-olan-besiktasti\/","title":{"rendered":"Ernesto Valverde: Daha iyi olan Be\u015fikta\u015f\u2019t\u0131"},"content":{"rendered":"<p>UEFA Avrupa Ligi&#8217;nin 7. haftas\u0131nda Be\u015fikta\u015f&#8217;a 4-1 ma\u011flup olan \u0130spanyol tak\u0131m\u0131 Athletic Bilbao&#8217;da teknik y\u00f6netici Ernesto Valverde, ma\u00e7\u0131n akabinde d\u00fczenlenen bas\u0131n toplant\u0131s\u0131nda konu\u015ftu.<\/p>\n<p>\u00dc\u00e7 g\u00fcn evvel ma\u00e7 oynad\u0131klar\u0131n\u0131 hat\u0131rlatan Valverde, &#8220;Ama daha yeterli olabilirdik. Be\u015fikta\u015f&#8217;\u0131n forvetlerini \u00e7ok bo\u015f b\u0131rakt\u0131k. Galibiyete gereksinimleri vard\u0131 ve agresif oynad\u0131lar. Bug\u00fcn daha \u00e7ok topa sahip olabilirdik. Alanda daha g\u00fczel olabilirdik. F\u0131rsatlar da yakalad\u0131k. Atmosfer de \u00e7ok g\u00fc\u00e7l\u00fcyd\u00fc. Bu bi\u00e7imde oynamak zordu. Daha uygun olan Be\u015fikta\u015f\u2019t\u0131 ve hak ettikleri bir galibiyet ald\u0131lar&#8221; diye konu\u015ftu.<\/p>\n<p>Be\u015fikta\u015f&#8217;\u0131n kendilerine sorun \u00e7\u0131kard\u0131\u011f\u0131n\u0131 s\u00f6yleyen Valverde \u015funlar\u0131 kaydetti:<\/p>\n<p>&#8220;4 gol yediysek bir \u015feyler makus gitmi\u015ftir. Be\u015fikta\u015f bug\u00fcn bize sorun \u00e7\u0131kard\u0131. Kontraataklarda durum verdik. Be\u015fikta\u015f&#8217;\u0131n \u00e7ok kaliteli oyuncular\u0131 ve \u00e2l\u00e2 teknik y\u00f6neticisi var. Bug\u00fcn Be\u015fikta\u015f daha istekli olan taraft\u0131. Bizim bunlardan ders \u00e7\u0131kar\u0131p kendimizi geli\u015ftirmemiz gerekiyor. Osasuna\u2019ya kar\u015f\u0131 kazand\u0131k lakin bug\u00fcn kaybettik. Zira Be\u015fikta\u015f daha g\u00fc\u00e7l\u00fcyd\u00fc. Biz de g\u00fc\u00e7l\u00fc bir kadroyuz, Be\u015fikta\u015f da g\u00fc\u00e7l\u00fc grup. Sonucu kabul ederek \u00f6n\u00fcm\u00fcze bakmam\u0131z gerekiyor. Bu d\u00f6nem i\u00e7in en farkl\u0131 yenilgisi ald\u0131k. Rakiplere kar\u015f\u0131 elimizden geleni yap\u0131yoruz. Avrupa\u2019da her vakit g\u00fc\u00e7l\u00fc olmal\u0131s\u0131n\u0131z. Ben her vakit kazanmay\u0131 isterim. Be\u015fikta\u015f\u2019\u0131n da meseleleri vard\u0131 fakat g\u00fczelle\u015ftiler. \u00d6\u011frenmemiz gereken bahisler var.&#8221;<\/p>\n<p><b>&#8220;DA\u0130MA HAMLES\u0130 D\u00dc\u015e\u00dcN\u00dcYORUZ&#8221;<\/b><\/p>\n<p>UEFA Avrupa Ligi&#8217;ni birinci 8 i\u00e7inde bitirmeyi hedeflediklerini aktaran Valverde, &#8220;Biz s\u00fcrekli ileriye bakan bir tak\u0131m\u0131z. Daima hamlesi d\u00fc\u015f\u00fcn\u00fcyoruz. 3-1 gerideyken oyuncular\u0131mla &#8216;ileriye atak yapmal\u0131y\u0131z&#8217; diye konu\u015ftuk. Averaj k\u0131ymetli lakin Be\u015fikta\u015f 3 oyuncuyla \u00e7ok atak yakalad\u0131. Bug\u00fcn istediklerimizi alana yans\u0131tamad\u0131k&#8221; tabirlerini kulland\u0131.<\/p>\n<p>Fenerbah\u00e7e ile Avrupa Ligi&#8217;nde oynad\u0131klar\u0131 ma\u00e7la Be\u015fikta\u015f gayretini k\u0131yaslayan Valverde, &#8220;Fenerbah\u00e7e&#8217;nin \u00e2l\u00e2 oyuncular\u0131 var. O g\u00fcn kazand\u0131k, bug\u00fcn kaybettik. &#8216;Fenerbah\u00e7e daha iyi&#8217; desem Be\u015fikta\u015f taraftar\u0131, &#8216;Be\u015fikta\u015f daha iyi&#8217; desem Fenerbah\u00e7e taraftarlar\u0131 k\u0131zacak&#8221; dedi.\u00a0<\/p>\n<p>T\u00fcpra\u015f Stad\u0131&#8217;nda taraftarlar\u0131n olu\u015fturdu\u011fu atmosfere de\u011finen Valverde, &#8220;S\u0131rad\u0131\u015f\u0131 bir atmosfer vard\u0131. Bu t\u00fcrl\u00fc atmosferi ben de seviyorum. Rakip ve hakem i\u00e7in zorlay\u0131c\u0131 bir atmosfer lakin bu t\u00fcrl\u00fc atmosferde oynamaktan keyif al\u0131yoruz&#8221; diyerek kelamlar\u0131n\u0131 tamamlad\u0131.\u00a0<\/p>\n","protected":false},"excerpt":{"rendered":"<p>Athletic Bilbao Teknik Y\u00f6netici Ernesto Valverde, Be\u015fikta\u015f ile oynanan UEFA Avrupa Ligi ma\u00e7\u0131n\u0131n akabinde Be\u015fikta\u015f&#8217;\u0131n galibiyeti hak etti\u011fini s\u00f6yledi.<\/p>\n","protected":false},"author":1,"featured_media":16741,"comment_status":"open","ping_status":"open","sticky":false,"template":"","format":"standard","meta":{"footnotes":""},"categories":[30],"tags":[3385,323,195,3386],"class_list":["post-16740","post","type-post","status-publish","format-standard","has-post-thumbnail","hentry","category-spor","tag-atmosfer","tag-besiktas","tag-guclu","tag-valverde"],"_links":{"self":[{"href":"https:\/\/ikimisli.tr\/index.php\/wp-json\/wp\/v2\/posts\/16740","targetHints":{"allow":["GET"]}}],"collection":[{"href":"https:\/\/ikimisli.tr\/index.php\/wp-json\/wp\/v2\/posts"}],"about":[{"href":"https:\/\/ikimisli.tr\/index.php\/wp-json\/wp\/v2\/types\/post"}],"author":[{"embeddable":true,"href":"https:\/\/ikimisli.tr\/index.php\/wp-json\/wp\/v2\/users\/1"}],"replies":[{"embeddable":true,"href":"https:\/\/ikimisli.tr\/index.php\/wp-json\/wp\/v2\/comments?post=16740"}],"version-history":[{"count":1,"href":"https:\/\/ikimisli.tr\/index.php\/wp-json\/wp\/v2\/posts\/16740\/revisions"}],"predecessor-version":[{"id":16742,"href":"https:\/\/ikimisli.tr\/index.php\/wp-json\/wp\/v2\/posts\/16740\/revisions\/16742"}],"wp:featuredmedia":[{"embeddable":true,"href":"https:\/\/ikimisli.tr\/index.php\/wp-json\/wp\/v2\/media\/16741"}],"wp:attachment":[{"href":"https:\/\/ikimisli.tr\/index.php\/wp-json\/wp\/v2\/media?parent=16740"}],"wp:term":[{"taxonomy":"category","embeddable":true,"href":"https:\/\/ikimisli.tr\/index.php\/wp-json\/wp\/v2\/categories?post=16740"},{"taxonomy":"post_tag","embeddable":true,"href":"https:\/\/ikimisli.tr\/index.php\/wp-json\/wp\/v2\/tags?post=16740"}],"curies":[{"name":"wp","href":"https:\/\/api.w.org\/{rel}","templated":true}]}}