{"id":16766,"date":"2025-03-04T13:24:11","date_gmt":"2025-03-04T13:24:11","guid":{"rendered":"https:\/\/ikimisli.tr\/?p=16766"},"modified":"2025-03-04T13:24:11","modified_gmt":"2025-03-04T13:24:11","slug":"canli-yayinda-kendisini-peygamber-ilan-etti-sozde-manevi-danisman-gozaltina-alindi","status":"publish","type":"post","link":"https:\/\/ikimisli.tr\/index.php\/2025\/03\/04\/canli-yayinda-kendisini-peygamber-ilan-etti-sozde-manevi-danisman-gozaltina-alindi\/","title":{"rendered":"Canl\u0131 yay\u0131nda kendisini peygamber ilan etti: S\u00f6zde manevi dan\u0131\u015fman  g\u00f6zalt\u0131na al\u0131nd\u0131"},"content":{"rendered":"<p>Bursa&#8217;da, kendisini &#8216;manevi dan\u0131\u015fman&#8217; olarak tan\u0131t\u0131p dini hisleri istismar ederek insanlar\u0131 doland\u0131ran G\u00f6n\u00fcl Derman Aytimur, meskenine d\u00fczenlenen operasyonla yakalanarak, g\u00f6zalt\u0131na al\u0131nd\u0131.<\/p>\n<p><img decoding=\"async\" src=\"https:\/\/ikimisli.tr\/wp-content\/uploads\/2025\/03\/canli-yayinda-kendisini-peygamber-ilan-etti-sozde-manevi-danisman-gozaltina-alindi-0-nwwX3nWh.jpg\"\/><\/p>\n<p>Al\u0131nan bilgiye nazaran polis tak\u0131mlar\u0131, kendisini \u2018manevi dan\u0131\u015fman\u2019 olarak tan\u0131tan G\u00f6n\u00fcl Derman Aytimur\u2019un, insanlar\u0131n dini hislerini kullanarak para ald\u0131\u011f\u0131 ihbar\u0131 \u00fczerine harekete ge\u00e7ti.\u00a0<\/p>\n<p>Polis tak\u0131mlar\u0131, Bursa Cumhuriyet Ba\u015fsavc\u0131l\u0131\u011f\u0131 koordinesinde, Aytimur\u2019un, Nil\u00fcfer il\u00e7esi K\u00fclt\u00fcr Mahallesi Akar Sokak\u2019taki 3 katl\u0131 meskenine bask\u0131n d\u00fczenledi. O\u011flu ve k\u00f6pe\u011fiyle birlikte ya\u015fayan Aytimur\u2019un meskeninde, 2 saat boyunca arama yapan tak\u0131mlarca, b\u00fcy\u00fc imalinde kullan\u0131ld\u0131\u011f\u0131 \u00f6ne s\u00fcr\u00fclen malzemeler ele ge\u00e7irildi.<\/p>\n<p><b>AYT\u0130MUR G\u00d6ZALTINA ALINDI<\/b><\/p>\n<p>\u015e\u00fcpheli G\u00f6n\u00fcl Derman Aytimur, \u2018677 say\u0131l\u0131 tekke, zaviye ve t\u00fcrbelerin kapat\u0131lmas\u0131 kanununa muhalefet\u2019 kabahatinden g\u00f6zalt\u0131na al\u0131nd\u0131. Olayla ilgili soru\u015fturma s\u00fcrerken, Aytimur hakk\u0131nda \u2018Doland\u0131r\u0131c\u0131l\u0131k\u2019 hatas\u0131ndan da inceleme ba\u015flat\u0131ld\u0131\u011f\u0131 belirtildi.<\/p>\n<p><b>KEND\u0130N\u0130 PEYGAMBER \u0130LAN ETT\u0130<\/b><\/p>\n<p>G\u00f6n\u00fcl Derman Aytimur, kendisi taraf\u0131ndan ma\u011fdur edildiklerini \u00f6ne s\u00fcren bireylerin M\u00fcge Anl\u0131&#8217;n\u0131n program\u0131na \u00e7\u0131kmas\u0131 \u00fczerine canl\u0131 yay\u0131na kat\u0131ld\u0131. Aytimur, kendini peygamber olarak ilan ederken kendisine reaksiyon g\u00f6steren M\u00fcge Anl\u0131&#8217;y\u0131 vefat b\u00fcy\u00fcs\u00fc ile tehdit etti.\u00a0<\/p>\n<p>Derman G\u00f6n\u00fcl A, canl\u0131 yay\u0131nda &#8220;Ben Mehdi azam\u0131n hizmet\u00e7isiyim&#8221; diyerek \u015fu tabirleri kulland\u0131:<\/p>\n<p>&#8211; \u00c7ar\u015famba g\u00fcn\u00fc herkes haz\u0131rl\u0131kl\u0131 olsun ve televizyonu aray\u0131p da ben sizi okudum benim hakk\u0131mda konu\u015fun l\u00fctfen. Onlar\u0131n yalanc\u0131 oldu\u011funu, as\u0131l \u015farlatan onlar\u0131n oldu\u011funu s\u00f6yleyin ve \u00e7ar\u015famba g\u00fcn\u00fc hepiniz imtihandas\u0131n\u0131z. Mehdi azam\u0131n askerlerinin hepsi imtihan\u0131mda biz de imtihan\u0131nday\u0131z. \u00c7ar\u015famba g\u00fcn\u00fcne haz\u0131r olun diye haber bana geldi. Efendimizin bildirdi\u011fi haberdir. Ben emrediyorum hepinize.<\/p>\n","protected":false},"excerpt":{"rendered":"<p>Bursa&#8217;da dini hisleri istismar ederek doland\u0131r\u0131c\u0131l\u0131k yapt\u0131\u011f\u0131 \u00f6ne s\u00fcr\u00fclen G\u00f6n\u00fcl Derman Aytimur, g\u00f6zalt\u0131na al\u0131nd\u0131.<\/p>\n","protected":false},"author":1,"featured_media":16767,"comment_status":"open","ping_status":"open","sticky":false,"template":"","format":"standard","meta":{"footnotes":""},"categories":[25],"tags":[3392,3393],"class_list":["post-16766","post","type-post","status-publish","format-standard","has-post-thumbnail","hentry","category-gundem","tag-derman","tag-gonul"],"_links":{"self":[{"href":"https:\/\/ikimisli.tr\/index.php\/wp-json\/wp\/v2\/posts\/16766","targetHints":{"allow":["GET"]}}],"collection":[{"href":"https:\/\/ikimisli.tr\/index.php\/wp-json\/wp\/v2\/posts"}],"about":[{"href":"https:\/\/ikimisli.tr\/index.php\/wp-json\/wp\/v2\/types\/post"}],"author":[{"embeddable":true,"href":"https:\/\/ikimisli.tr\/index.php\/wp-json\/wp\/v2\/users\/1"}],"replies":[{"embeddable":true,"href":"https:\/\/ikimisli.tr\/index.php\/wp-json\/wp\/v2\/comments?post=16766"}],"version-history":[{"count":1,"href":"https:\/\/ikimisli.tr\/index.php\/wp-json\/wp\/v2\/posts\/16766\/revisions"}],"predecessor-version":[{"id":16769,"href":"https:\/\/ikimisli.tr\/index.php\/wp-json\/wp\/v2\/posts\/16766\/revisions\/16769"}],"wp:featuredmedia":[{"embeddable":true,"href":"https:\/\/ikimisli.tr\/index.php\/wp-json\/wp\/v2\/media\/16767"}],"wp:attachment":[{"href":"https:\/\/ikimisli.tr\/index.php\/wp-json\/wp\/v2\/media?parent=16766"}],"wp:term":[{"taxonomy":"category","embeddable":true,"href":"https:\/\/ikimisli.tr\/index.php\/wp-json\/wp\/v2\/categories?post=16766"},{"taxonomy":"post_tag","embeddable":true,"href":"https:\/\/ikimisli.tr\/index.php\/wp-json\/wp\/v2\/tags?post=16766"}],"curies":[{"name":"wp","href":"https:\/\/api.w.org\/{rel}","templated":true}]}}