{"id":16853,"date":"2025-03-04T18:00:07","date_gmt":"2025-03-04T18:00:07","guid":{"rendered":"https:\/\/ikimisli.tr\/?p=16853"},"modified":"2025-03-04T18:00:07","modified_gmt":"2025-03-04T18:00:07","slug":"trump-elektrikli-araclarin-fisini-cekiyor","status":"publish","type":"post","link":"https:\/\/ikimisli.tr\/index.php\/2025\/03\/04\/trump-elektrikli-araclarin-fisini-cekiyor\/","title":{"rendered":"Trump elektrikli ara\u00e7lar\u0131n fi\u015fini \u00e7ekiyor"},"content":{"rendered":"<p>\u00a0<\/p>\n<p>ABD Ba\u015fkan\u0131 Donald Trump, ba\u015fkanl\u0131k koltu\u011funa oturur oturmaz etraf ve g\u00fc\u00e7 siyasetlerine y\u00f6nelik radikal ad\u0131mlar atmaya ba\u015flad\u0131. Trump, selefi Joe Biden\u2019\u0131n 2021 y\u0131l\u0131nda imzalad\u0131\u011f\u0131 ve 2030 y\u0131l\u0131na kadar ABD\u2019de sat\u0131lan yeni ara\u00e7lar\u0131n yar\u0131s\u0131n\u0131n elektrikli olmas\u0131n\u0131 hedefleyen idari buyru\u011fu iptal etti.<\/p>\n<p>Trump\u2019\u0131n ald\u0131\u011f\u0131 karar, sadece elektrikli ara\u00e7 b\u00f6l\u00fcm\u00fcn\u00fc de\u011fil, birebir vakitte pak g\u00fc\u00e7 yat\u0131r\u0131mlar\u0131n\u0131 da etkiledi. Trump, federal b\u00fct\u00e7eden elektrikli ara\u00e7 \u015farj istasyonlar\u0131 i\u00e7in ayr\u0131lm\u0131\u015f olan 5 milyar dolarl\u0131k kullan\u0131lmayan fonlar\u0131n da\u011f\u0131t\u0131m\u0131n\u0131 durdurdu\u011funu a\u00e7\u0131klad\u0131. Ayr\u0131yeten, eyaletlerin 2035 y\u0131l\u0131na kadar s\u0131f\u0131r emisyonlu ara\u00e7 sat\u0131\u015f\u0131n\u0131 benimseme zorunlulu\u011funa y\u00f6nelik muafiyetleri sonland\u0131raca\u011f\u0131n\u0131 belirtti.<\/p>\n<p><b>CO2 Emisyon Kurallar\u0131na Y\u00f6nelik Gev\u015feme Plan\u0131<\/b><\/p>\n<p>Trump idaresi, elektrikli ara\u00e7 sat\u0131\u015flar\u0131n\u0131 art\u0131rmay\u0131 ama\u00e7layan s\u0131k\u0131 CO2 emisyon kurallar\u0131n\u0131 tekrar g\u00f6zden ge\u00e7irmeyi hedefliyor. Etraf M\u00fcdafaa Ajans\u0131\u2019ndan (EPA), araba \u00fcreticilerini 2032 y\u0131l\u0131na kadar %30 ila %56 ortas\u0131nda elektrikli ara\u00e7 sat\u0131\u015f\u0131 yapmaya zorlayan d\u00fczenlemelerin incelenmesi talep edilecek.<\/p>\n<p>Trump, Aral\u0131k ay\u0131nda EPA taraf\u0131ndan Kaliforniya eyaletine verilen ve eyaletin sadece akaryak\u0131tla \u00e7al\u0131\u015fan ara\u00e7lar\u0131n sat\u0131\u015f\u0131n\u0131 2035 y\u0131l\u0131 prestijiyle sonland\u0131rmas\u0131na imkan tan\u0131yan muafiyeti de iptal etmeye \u00e7al\u0131\u015faca\u011f\u0131n\u0131 tabir etti.<\/p>\n<p><b>Eyaletlere Sa\u011flanan Emisyon Muafiyetleri Kalk\u0131yor<\/b><\/p>\n<p>Ba\u015fkan Trump, eyaletlerin akaryak\u0131tla \u00e7al\u0131\u015fan ara\u00e7 sat\u0131\u015flar\u0131n\u0131 s\u0131n\u0131rlamak i\u00e7in uygulad\u0131klar\u0131 emisyon muafiyetlerinin de kald\u0131r\u0131lmas\u0131 gerekti\u011fini vurgulad\u0131. Bu karar\u0131n, ABD genelinde araba \u00fcreticileri ve g\u00fc\u00e7 b\u00f6l\u00fcm\u00fcnde geni\u015f yank\u0131 uyand\u0131rmas\u0131 bekleniyor.<\/p>\n<p><b>Elektrikli Ara\u00e7 Vergi Kredisi Tehlikede<\/b><\/p>\n<p>Trump, se\u00e7im kampanyas\u0131 s\u0131ras\u0131nda 7.500 dolarl\u0131k elektrikli ara\u00e7 vergi kredisini kald\u0131rma vaadinde bulunmu\u015ftu. Yeni devirde bu vaat do\u011frultusunda ad\u0131mlar at\u0131laca\u011f\u0131 \u00f6ng\u00f6r\u00fcl\u00fcyor.<\/p>\n<p>Ayr\u0131ca Trump, ABD petrol \u00fcretimini art\u0131rarak pak g\u00fc\u00e7 alan\u0131nda Biden idaresince sa\u011flanan r\u00fczgar ve g\u00fcne\u015f g\u00fcc\u00fc s\u00fcbvansiyonlar\u0131n\u0131 geri \u00e7ekme kelam\u0131 verdi. Seri hidrojen \u00fcretimine y\u00f6nelik te\u015fviklerin ise tekrar g\u00f6zden ge\u00e7irilece\u011fi belirtiliyor.<\/p>\n","protected":false},"excerpt":{"rendered":"<p>ABD\u2019nin yeni ba\u015fkan\u0131 Donald Trump, selefi Joe Biden\u2019\u0131n elektrikli ara\u00e7lar konusundaki tezli maksatlar\u0131n\u0131 geri \u00e7evirdi. Birinci icraatlar\u0131ndan biri olarak, Biden devrinde olu\u015fturulan elektrikli ara\u00e7 siyasetini iptal etti ve bu alandaki devlet fonlar\u0131n\u0131 dondurdu<\/p>\n","protected":false},"author":1,"featured_media":16854,"comment_status":"open","ping_status":"open","sticky":false,"template":"","format":"standard","meta":{"footnotes":""},"categories":[43],"tags":[2123,3397,77,131,383],"class_list":["post-16853","post","type-post","status-publish","format-standard","has-post-thumbnail","hentry","category-dunya","tag-elektrikli-arac","tag-emisyon","tag-enerji","tag-trump","tag-yili"],"_links":{"self":[{"href":"https:\/\/ikimisli.tr\/index.php\/wp-json\/wp\/v2\/posts\/16853","targetHints":{"allow":["GET"]}}],"collection":[{"href":"https:\/\/ikimisli.tr\/index.php\/wp-json\/wp\/v2\/posts"}],"about":[{"href":"https:\/\/ikimisli.tr\/index.php\/wp-json\/wp\/v2\/types\/post"}],"author":[{"embeddable":true,"href":"https:\/\/ikimisli.tr\/index.php\/wp-json\/wp\/v2\/users\/1"}],"replies":[{"embeddable":true,"href":"https:\/\/ikimisli.tr\/index.php\/wp-json\/wp\/v2\/comments?post=16853"}],"version-history":[{"count":1,"href":"https:\/\/ikimisli.tr\/index.php\/wp-json\/wp\/v2\/posts\/16853\/revisions"}],"predecessor-version":[{"id":16855,"href":"https:\/\/ikimisli.tr\/index.php\/wp-json\/wp\/v2\/posts\/16853\/revisions\/16855"}],"wp:featuredmedia":[{"embeddable":true,"href":"https:\/\/ikimisli.tr\/index.php\/wp-json\/wp\/v2\/media\/16854"}],"wp:attachment":[{"href":"https:\/\/ikimisli.tr\/index.php\/wp-json\/wp\/v2\/media?parent=16853"}],"wp:term":[{"taxonomy":"category","embeddable":true,"href":"https:\/\/ikimisli.tr\/index.php\/wp-json\/wp\/v2\/categories?post=16853"},{"taxonomy":"post_tag","embeddable":true,"href":"https:\/\/ikimisli.tr\/index.php\/wp-json\/wp\/v2\/tags?post=16853"}],"curies":[{"name":"wp","href":"https:\/\/api.w.org\/{rel}","templated":true}]}}