{"id":17197,"date":"2025-03-05T12:48:11","date_gmt":"2025-03-05T12:48:11","guid":{"rendered":"https:\/\/ikimisli.tr\/?p=17197"},"modified":"2025-03-05T12:48:11","modified_gmt":"2025-03-05T12:48:11","slug":"begendigi-saatleri-satmayip-40-yilda-500-parcalik-koleksiyon-olusturdu","status":"publish","type":"post","link":"https:\/\/ikimisli.tr\/index.php\/2025\/03\/05\/begendigi-saatleri-satmayip-40-yilda-500-parcalik-koleksiyon-olusturdu\/","title":{"rendered":"Be\u011fendi\u011fi saatleri satmay\u0131p 40 y\u0131lda 500 par\u00e7al\u0131k koleksiyon olu\u015fturdu"},"content":{"rendered":"<p>Kayseri\u2019de ya\u015fayan evli ve 2 \u00e7ocuk babas\u0131 Ahmet R\u0131ht\u0131m, 13 ya\u015f\u0131ndayken babas\u0131n\u0131n yan\u0131nda \u00e7\u0131rak olarak saat\u00e7ili\u011fe ba\u015flad\u0131. Ge\u00e7en s\u00fcre\u00e7te mesle\u011fi babas\u0131ndan teslim alan R\u0131ht\u0131m, saat sat\u0131\u015f\u0131 ve bozuk saatlerin tamirini yap\u0131yor.<\/p>\n<p>Mesle\u011fini 50 y\u0131ld\u0131r s\u00fcrd\u00fcren R\u0131ht\u0131m, 40 y\u0131ldan bu yana be\u011fendi\u011fi saatleri satmay\u0131p 500 kesimlik koleksiyon olu\u015fturdu. En eskisinin 1850 y\u0131l\u0131ndan kalma \u0130svi\u00e7re \u00fcretimi saat olan koleksiyonda 100 farkl\u0131 markadan saat bulunuyor.<\/p>\n<p>Yapt\u0131\u011f\u0131 koleksiyonu anlatan Ahmet R\u0131ht\u0131m, &#8220;Koleksiyon yapmaya 1985\u2019te ho\u015fuma giden saatleri ay\u0131rarak ba\u015flad\u0131m. Be\u011fendi\u011fim saatleri satmay\u0131p kendime ay\u0131rd\u0131m. \u015eunu satma, bunu satma derken 500 saate ula\u015ft\u0131k. Koleksiyondaki en eski kesim 1850 y\u0131l\u0131na ili\u015fkin \u0130svi\u00e7re imali bir saat. Saat koleksiyonumda 100 \u00e7e\u015fit marka var. 1985\u2019te ba\u015flad\u0131m. 40 y\u0131ld\u0131r biriktiriyorum. Saat\u00e7ili\u011fe babam\u0131n yan\u0131nda \u00e7\u0131rak olarak ba\u015flad\u0131m. 50 y\u0131ll\u0131k saat\u00e7iyim. Koleksiyonumda 1850\u2019den 1950\u2019ye kadar saat bulunuyor&#8221; diye konu\u015ftu.<\/p>\n<p><img decoding=\"async\" src=\"https:\/\/ikimisli.tr\/wp-content\/uploads\/2025\/03\/begendigi-saatleri-satmayip-40-yilda-500-parcalik-koleksiyon-olusturdu-0-N8wDh9Zw.jpg\"\/><\/p>\n<p><b>&#8216;M\u0130LLET KONUTA YERE PARA YATIRDI, B\u0130Z DE SAATLERE YATIRIM YAPTIK&#8217;<\/b><\/p>\n<p>Koleksiyonda bulunan saatlerin hepsinin \u00e7al\u0131\u015ft\u0131\u011f\u0131n\u0131 belirten R\u0131ht\u0131m, &#8220;\u00c7ok ho\u015f, \u00f6zel saatler. Eskilerin i\u00e7leri seramik olur, bozulmaz, sararma olmaz. Hepsi de \u00e7al\u0131\u015f\u0131yor. 400 tane kol saati 100 tane de cep saatimiz var. Toplam 500 kesimden olu\u015fan, hepsi de \u00e7al\u0131\u015fan saatler. \u015eayet pahas\u0131n\u0131 veren olursa satmay\u0131 d\u00fc\u015f\u00fcn\u00fcyorum. G\u00f6ren herkes hayran kald\u0131. &#8216;Ke\u015fke bizim de bu t\u00fcrl\u00fc bir koleksiyonumuz olsayd\u0131&#8217; dediler. Millet konuta yere para yat\u0131rd\u0131, biz de saatlere yat\u0131r\u0131m yapt\u0131k&#8221; s\u00f6zlerini kulland\u0131.<\/p>\n<p><img decoding=\"async\" src=\"https:\/\/ikimisli.tr\/wp-content\/uploads\/2025\/03\/begendigi-saatleri-satmayip-40-yilda-500-parcalik-koleksiyon-olusturdu-1-TKGSqKw7.jpg\"\/><\/p>\n<p><b>&#8216;SAAT\u0130N DE\u011eER\u0130N\u0130 B\u0130LMEYEN H\u0130\u00c7B\u0130R \u015eEY\u0130N DE\u011eER\u0130N\u0130 B\u0130LMEZ&#8217;<\/b><\/p>\n<p>Saatin insanlar\u0131n en uygun arkada\u015f\u0131 oldu\u011funu s\u00f6yleyen Ahmet R\u0131ht\u0131m, \u015f\u00f6yle konu\u015ftu:<\/p>\n<p>&#8220;Eskiden saatler daima mekanikti. Sonra kurmal\u0131yd\u0131. Sonra otomatikler \u00e7\u0131kt\u0131. Ondan sonra da elektronik saatler \u00e7\u0131kt\u0131. Daima evrim ge\u00e7irdi. \u015eimdilerde de ak\u0131ll\u0131 saatler derken bug\u00fcnlere geldik. Saat\u00e7ilik eskisi \u00fczere de\u011fil. Saat mekanik olmal\u0131d\u0131r. Ger\u00e7ek saat mekaniktir. Telefonlar \u00e7\u0131kt\u0131, saatlere eskisi \u00fczere istek kalmad\u0131. Aksesuar oldular lakin yeniden de merakl\u0131lar\u0131 var. Biz de kaybolan meslekler ortas\u0131na girdik. Saat uygun bir \u015feydir. \u0130nsan\u0131n en \u00e2l\u00e2 arkada\u015f\u0131d\u0131r. En de\u011ferli \u015fey vakittir. Vakti da saat g\u00f6sterir. Saatin de\u011ferini bilmeyen hi\u00e7bir \u015feyin de\u011ferini bilmez.\u201d<\/p>\n","protected":false},"excerpt":{"rendered":"<p>Kayseri\u2019de babadan kalma saat\u00e7ilik mesle\u011fini 50 y\u0131ld\u0131r devam ettiren 63 ya\u015f\u0131ndaki Ahmet R\u0131ht\u0131m, be\u011fendi\u011fi saatleri satmay\u0131p 40 y\u0131lda 500 mod\u00fcll\u00fck koleksiyon olu\u015fturdu. En eskisinin 1850\u2019den kalma \u0130svi\u00e7re \u00fcretimi saat olan koleksiyonda 100 farkl\u0131 marka yer al\u0131yor.<\/p>\n","protected":false},"author":1,"featured_media":17198,"comment_status":"open","ping_status":"open","sticky":false,"template":"","format":"standard","meta":{"footnotes":""},"categories":[26],"tags":[1054,3449,3450,1272,3451],"class_list":["post-17197","post","type-post","status-publish","format-standard","has-post-thumbnail","hentry","category-kultur-sanat","tag-eski","tag-koleksiyon","tag-rihtim","tag-saat","tag-satma"],"_links":{"self":[{"href":"https:\/\/ikimisli.tr\/index.php\/wp-json\/wp\/v2\/posts\/17197","targetHints":{"allow":["GET"]}}],"collection":[{"href":"https:\/\/ikimisli.tr\/index.php\/wp-json\/wp\/v2\/posts"}],"about":[{"href":"https:\/\/ikimisli.tr\/index.php\/wp-json\/wp\/v2\/types\/post"}],"author":[{"embeddable":true,"href":"https:\/\/ikimisli.tr\/index.php\/wp-json\/wp\/v2\/users\/1"}],"replies":[{"embeddable":true,"href":"https:\/\/ikimisli.tr\/index.php\/wp-json\/wp\/v2\/comments?post=17197"}],"version-history":[{"count":1,"href":"https:\/\/ikimisli.tr\/index.php\/wp-json\/wp\/v2\/posts\/17197\/revisions"}],"predecessor-version":[{"id":17201,"href":"https:\/\/ikimisli.tr\/index.php\/wp-json\/wp\/v2\/posts\/17197\/revisions\/17201"}],"wp:featuredmedia":[{"embeddable":true,"href":"https:\/\/ikimisli.tr\/index.php\/wp-json\/wp\/v2\/media\/17198"}],"wp:attachment":[{"href":"https:\/\/ikimisli.tr\/index.php\/wp-json\/wp\/v2\/media?parent=17197"}],"wp:term":[{"taxonomy":"category","embeddable":true,"href":"https:\/\/ikimisli.tr\/index.php\/wp-json\/wp\/v2\/categories?post=17197"},{"taxonomy":"post_tag","embeddable":true,"href":"https:\/\/ikimisli.tr\/index.php\/wp-json\/wp\/v2\/tags?post=17197"}],"curies":[{"name":"wp","href":"https:\/\/api.w.org\/{rel}","templated":true}]}}