{"id":17224,"date":"2025-03-05T14:00:09","date_gmt":"2025-03-05T14:00:09","guid":{"rendered":"https:\/\/ikimisli.tr\/?p=17224"},"modified":"2025-03-05T14:00:09","modified_gmt":"2025-03-05T14:00:09","slug":"uzaydan-gelen-radyo-dalgalarinin-kaynagini-tespit-etti","status":"publish","type":"post","link":"https:\/\/ikimisli.tr\/index.php\/2025\/03\/05\/uzaydan-gelen-radyo-dalgalarinin-kaynagini-tespit-etti\/","title":{"rendered":"Uzaydan gelen radyo dalgalar\u0131n\u0131n kayna\u011f\u0131n\u0131 tespit etti"},"content":{"rendered":"<p>Ara\u015ft\u0131rmac\u0131lar y\u0131llard\u0131r, uzay\u0131n derinliklerinden gelen son derece k\u0131sa ve g\u00fc\u00e7l\u00fc enerji patlamalar\u0131 olan s\u00fcratli radyo patlamalar\u0131n\u0131 (FRB) a\u00e7\u0131klamaya \u00e7al\u0131\u015f\u0131yor. Bilim insanlar\u0131, bu patlamalar\u0131 geldikleri galaksilere kadar izleyerek, b\u00f6ylesine g\u00fc\u00e7l\u00fc sinyallerin hangi \u00e7ok \u015fartlar alt\u0131nda ortaya \u00e7\u0131kt\u0131\u011f\u0131n\u0131 anlamay\u0131 \u00fcmit ediyor.<\/p>\n<p>Ara\u015ft\u0131rmac\u0131lar bu patlamalardan birinin kayna\u011f\u0131n\u0131 tespit etti. Evvelce belirlenen FRB\u2019ler, \u00e7ok daha gen\u00e7 galaksilerden geliyordu. Bu nedenle yeni ke\u015fif, patlamalar\u0131n kaynaklar\u0131na dair mevcut anlay\u0131\u015f\u0131 sars\u0131yor. Bilim insanlar\u0131, bu ke\u015ffin gizemli kozmik olaylar\u0131n \u00e7ok \u00e7e\u015fitli yerlerden geldi\u011fini g\u00f6sterebilece\u011fini belirtiyor.<\/p>\n<p>Yeni \u00e7al\u0131\u015fmada incelenen FRB birinci olarak \u015eubat 2024\u2019te tespit edildi. Temmuz 2024\u2019e kadar devam eden sinyaller sayesinde ara\u015ft\u0131rmac\u0131lar, uzaydaki pozisyonunu tespit etmeyi ba\u015fard\u0131. Bu basamaktan sonra, ara\u015ft\u0131rmac\u0131lar teleskoplar\u0131n\u0131 sinyalin kayna\u011f\u0131na y\u00f6nlendirdi ve beklenmedik bir ke\u015fif yapt\u0131.<\/p>\n<p>Gen\u00e7 bir galaksi yerine, sinyalin 11,3 milyar ya\u015f\u0131nda ve D\u00fcnya\u2019dan yaln\u0131zca iki milyar \u0131\u015f\u0131k y\u0131l\u0131 uzakl\u0131kta olan bir galaksiden geldi\u011fi g\u00f6r\u00fcld\u00fc. Bu galaksi, \u015fimdiye kadar tespit edilen en b\u00fcy\u00fck FRB kayna\u011f\u0131 ve genel olarak en b\u00fcy\u00fck galaksilerden oldu.<\/p>\n","protected":false},"excerpt":{"rendered":"<p>Bilim insanlar\u0131, uzay\u0131n derinliklerinden gelen sinyalin kayna\u011f\u0131n\u0131n, D\u00fcnya\u2019dan iki milyar \u0131\u015f\u0131k y\u0131l\u0131 uzakl\u0131ktaki galaksi oldu\u011funu belirledi.<\/p>\n","protected":false},"author":1,"featured_media":17225,"comment_status":"open","ping_status":"open","sticky":false,"template":"","format":"standard","meta":{"footnotes":""},"categories":[31],"tags":[3459],"class_list":["post-17224","post","type-post","status-publish","format-standard","has-post-thumbnail","hentry","category-teknoloji","tag-galaksi"],"_links":{"self":[{"href":"https:\/\/ikimisli.tr\/index.php\/wp-json\/wp\/v2\/posts\/17224","targetHints":{"allow":["GET"]}}],"collection":[{"href":"https:\/\/ikimisli.tr\/index.php\/wp-json\/wp\/v2\/posts"}],"about":[{"href":"https:\/\/ikimisli.tr\/index.php\/wp-json\/wp\/v2\/types\/post"}],"author":[{"embeddable":true,"href":"https:\/\/ikimisli.tr\/index.php\/wp-json\/wp\/v2\/users\/1"}],"replies":[{"embeddable":true,"href":"https:\/\/ikimisli.tr\/index.php\/wp-json\/wp\/v2\/comments?post=17224"}],"version-history":[{"count":1,"href":"https:\/\/ikimisli.tr\/index.php\/wp-json\/wp\/v2\/posts\/17224\/revisions"}],"predecessor-version":[{"id":17226,"href":"https:\/\/ikimisli.tr\/index.php\/wp-json\/wp\/v2\/posts\/17224\/revisions\/17226"}],"wp:featuredmedia":[{"embeddable":true,"href":"https:\/\/ikimisli.tr\/index.php\/wp-json\/wp\/v2\/media\/17225"}],"wp:attachment":[{"href":"https:\/\/ikimisli.tr\/index.php\/wp-json\/wp\/v2\/media?parent=17224"}],"wp:term":[{"taxonomy":"category","embeddable":true,"href":"https:\/\/ikimisli.tr\/index.php\/wp-json\/wp\/v2\/categories?post=17224"},{"taxonomy":"post_tag","embeddable":true,"href":"https:\/\/ikimisli.tr\/index.php\/wp-json\/wp\/v2\/tags?post=17224"}],"curies":[{"name":"wp","href":"https:\/\/api.w.org\/{rel}","templated":true}]}}