{"id":17233,"date":"2025-03-05T14:36:10","date_gmt":"2025-03-05T14:36:10","guid":{"rendered":"https:\/\/ikimisli.tr\/?p=17233"},"modified":"2025-03-05T14:36:10","modified_gmt":"2025-03-05T14:36:10","slug":"skandal-cocuk-istismarinda-anne-ve-sevgilisi-tutuklandi","status":"publish","type":"post","link":"https:\/\/ikimisli.tr\/index.php\/2025\/03\/05\/skandal-cocuk-istismarinda-anne-ve-sevgilisi-tutuklandi\/","title":{"rendered":"Skandal \u00e7ocuk istismar\u0131nda anne ve sevgilisi tutukland\u0131"},"content":{"rendered":"<p>Pertek il\u00e7e merkezinde S.K. isimli erkek, sevgilisi S.\u00c7. ile yak\u0131nla\u015fmalar\u0131n\u0131 kayda ald\u0131. S.K. daha sonra sevgilisini, k\u0131z\u0131yla da ba\u011f ya\u015famak istedi\u011fini, kabul etmemesi halinde manzaralar\u0131 toplumsal medyada payla\u015faca\u011f\u0131n\u0131 s\u00f6yleyerek tehdit etti. Bir m\u00fchlet sonra anne S.\u00c7., \u0130l\u00e7e Emniyet M\u00fcd\u00fcrl\u00fc\u011f\u00fc&#8217;ne ba\u015fvurarak S.K. hakk\u0131nda \u015fikayet\u00e7i oldu.<\/p>\n<p>Savc\u0131l\u0131k talimat\u0131yla S.K. akabinde da S.\u00c7. g\u00f6zalt\u0131na al\u0131nd\u0131. S\u00fcre\u00e7lerinin akabinde adliyeye sevk edilen S.K. &#8216;\u00c7ocu\u011fa cinsel istismar\u2019, anne S.\u00c7. de &#8216;\u00c7ocu\u011fa cinsel istismara yard\u0131m&#8217; hatas\u0131ndan tutuklanarak cezaevine g\u00f6nderildi.<\/p>\n<p>S.\u00c7.\u2019nin 2 \u00e7ocu\u011fu Elaz\u0131\u011f Sevgi Konutu&#8217;na yerle\u015ftirildi. \u00c7ocu\u011fun s\u0131hhat raporunun ileriki s\u00fcre\u00e7te \u00e7\u0131kaca\u011f\u0131 belirtildi.<\/p>\n","protected":false},"excerpt":{"rendered":"<p>Tunceli&#8217;nin Pertek il\u00e7esinde 12 ya\u015f\u0131ndaki k\u0131z \u00e7ocu\u011funa istismarda bulundu\u011fu \u00f6ne s\u00fcr\u00fclen S.K. (33) ile \u00e7ocu\u011fun annesi S.\u00c7. (31) tutukland\u0131.<\/p>\n","protected":false},"author":1,"featured_media":17234,"comment_status":"open","ping_status":"open","sticky":false,"template":"","format":"standard","meta":{"footnotes":""},"categories":[25],"tags":[3464],"class_list":["post-17233","post","type-post","status-publish","format-standard","has-post-thumbnail","hentry","category-gundem","tag-s-k"],"_links":{"self":[{"href":"https:\/\/ikimisli.tr\/index.php\/wp-json\/wp\/v2\/posts\/17233","targetHints":{"allow":["GET"]}}],"collection":[{"href":"https:\/\/ikimisli.tr\/index.php\/wp-json\/wp\/v2\/posts"}],"about":[{"href":"https:\/\/ikimisli.tr\/index.php\/wp-json\/wp\/v2\/types\/post"}],"author":[{"embeddable":true,"href":"https:\/\/ikimisli.tr\/index.php\/wp-json\/wp\/v2\/users\/1"}],"replies":[{"embeddable":true,"href":"https:\/\/ikimisli.tr\/index.php\/wp-json\/wp\/v2\/comments?post=17233"}],"version-history":[{"count":1,"href":"https:\/\/ikimisli.tr\/index.php\/wp-json\/wp\/v2\/posts\/17233\/revisions"}],"predecessor-version":[{"id":17235,"href":"https:\/\/ikimisli.tr\/index.php\/wp-json\/wp\/v2\/posts\/17233\/revisions\/17235"}],"wp:featuredmedia":[{"embeddable":true,"href":"https:\/\/ikimisli.tr\/index.php\/wp-json\/wp\/v2\/media\/17234"}],"wp:attachment":[{"href":"https:\/\/ikimisli.tr\/index.php\/wp-json\/wp\/v2\/media?parent=17233"}],"wp:term":[{"taxonomy":"category","embeddable":true,"href":"https:\/\/ikimisli.tr\/index.php\/wp-json\/wp\/v2\/categories?post=17233"},{"taxonomy":"post_tag","embeddable":true,"href":"https:\/\/ikimisli.tr\/index.php\/wp-json\/wp\/v2\/tags?post=17233"}],"curies":[{"name":"wp","href":"https:\/\/api.w.org\/{rel}","templated":true}]}}