{"id":17265,"date":"2025-03-05T16:24:11","date_gmt":"2025-03-05T16:24:11","guid":{"rendered":"https:\/\/ikimisli.tr\/?p=17265"},"modified":"2025-03-05T16:24:11","modified_gmt":"2025-03-05T16:24:11","slug":"olursem-savas-yapmistir-dedi-katili-esi-oldu","status":"publish","type":"post","link":"https:\/\/ikimisli.tr\/index.php\/2025\/03\/05\/olursem-savas-yapmistir-dedi-katili-esi-oldu\/","title":{"rendered":"&#8216;\u00d6l\u00fcrsem Sava\u015f yapm\u0131\u015ft\u0131r&#8217; dedi: Katili e\u015fi oldu"},"content":{"rendered":"<p>Konyaalt\u0131 il\u00e7esi Hurma Mahallesi&#8217;ndeki Atapark Konutlar\u0131 Sitesi&#8217;nin y\u00f6neticisi Fadim Temirhano\u011fullar\u0131&#8217;n\u0131n 3 ay uzakla\u015ft\u0131rma karar\u0131 ald\u0131rd\u0131\u011f\u0131 bo\u015fanma basama\u011f\u0131ndaki Sava\u015f Temirhano\u011fullar\u0131, 12 Eyl\u00fcl 2024&#8217;te saat 05.00 s\u0131ralar\u0131nda meskene geldi. Sava\u015f Temirhano\u011fullar\u0131, tabancayla e\u015fine 5 el ate\u015f edip ka\u00e7t\u0131. Bu s\u0131rada odas\u0131nda uyuyan, silah seslerini duyunca uyanan \u00e7iftin k\u0131zlar\u0131 \u0130.T. (15), kabus g\u00f6rd\u00fc\u011f\u00fcn\u00fc d\u00fc\u015f\u00fcn\u00fcp yine uyudu. Lise \u00f6\u011frencisi \u0130.T., saat 08.30 s\u0131ralar\u0131nda okul arkada\u015f\u0131ndan gelen telefonla uyand\u0131.<\/p>\n<p><b><strong>ANNES\u0130N\u0130 KANLAR \u0130\u00c7\u0130NDE G\u00d6RD\u00dc<\/strong><\/b><\/p>\n<p>Odas\u0131ndan \u00e7\u0131kan \u0130.T., annesini kan i\u00e7inde g\u00f6r\u00fcnce meskenden \u00e7\u0131k\u0131p, kar\u015f\u0131 kom\u015fusunun kap\u0131s\u0131n\u0131 \u00e7ald\u0131. Meskene gelen kom\u015fular\u0131 112&#8217;ye ihbarda bulundu. Adrese sevk edilen s\u0131hhat vazifelileri, Fadim Temirhano\u011fullar\u0131&#8217;n\u0131n \u00f6mr\u00fcn\u00fc yitirdi\u011fini belirledi. Polis, Kemer il\u00e7esinde bir c\u00fcmb\u00fc\u015f merkezinde m\u00fcdafaa olarak \u00e7al\u0131\u015ft\u0131\u011f\u0131 belirlenen Sava\u015f Temirhano\u011fullar\u0131&#8217;n\u0131 yakalamak i\u00e7in \u00e7al\u0131\u015fma ba\u015flatt\u0131.<\/p>\n<p><b><strong>KORKUTEL\u0130&#8217;DE YAKALANDI<\/strong><\/b><\/p>\n<p>G\u00fcvenlik kameras\u0131 imgelerini inceleyen Cinayet Ofis Amirli\u011fi tak\u0131mlar\u0131, Sava\u015f Temirhano\u011fullar\u0131&#8217;n\u0131n, arkada\u015f\u0131 F.\u0130.&#8217;nin arac\u0131yla Korkuteli il\u00e7esine gitti\u011fini tespit etti. Gruplar, Sava\u015f Temirhano\u011fullar\u0131 ve F.\u0130.&#8217;yi sakland\u0131klar\u0131 yerde, hata aletiyle yakalad\u0131. \u0130ki ku\u015fkulu, emniyetteki s\u00fcre\u00e7lerinin akabinde adliyeye sevk edildi. Sava\u015f Temirhano\u011fullar\u0131, n\u00f6bet\u00e7i hakimlik taraf\u0131ndan tutuklan\u0131rken, ka\u00e7mas\u0131na yard\u0131m etti\u011fi \u00f6ne s\u00fcr\u00fclen arkada\u015f\u0131 F.\u0130. ise h\u00fcr b\u0131rak\u0131ld\u0131.<\/p>\n<p><b><strong>\u0130DD\u0130ANAME KABUL ED\u0130LD\u0130<\/strong><\/b><\/p>\n<p>Sava\u015f Temirhano\u011fullar\u0131 ve F.\u0130. hakk\u0131nda Antalya Cumhuriyet Ba\u015fsavc\u0131l\u0131\u011f\u0131 taraf\u0131ndan haz\u0131rlanan iddianame, Antalya 1\u2019inci A\u011f\u0131r Ceza Mahkemesi taraf\u0131ndan kabul edildi. Cinayetin nas\u0131l i\u015flendi\u011fine dair ayr\u0131nt\u0131lar, iddianamede yer ald\u0131. \u0130ddianamede, ikametin giri\u015f kap\u0131s\u0131n\u0131n kenarlar\u0131nda zorlama izleri oldu\u011fu, kap\u0131 a\u00e7ma kolunda kan lekeleri ile meskenin i\u00e7indeki merdivenlerde mermi kovanlar\u0131n\u0131n bulundu\u011fu ve \u00e7e\u015fitli noktalarda mermi izlerine rastland\u0131\u011f\u0131 belirtildi.<\/p>\n<p><b><strong>K\u00dcF\u00dcR VE HAKARET ETT\u0130\u011e\u0130 \u0130\u00c7\u0130N \u00d6LD\u00dcRM\u00dc\u015e<\/strong><\/b><\/p>\n<p>Sava\u015f Temirhano\u011fullar\u0131 iddianamedeki tabirinde, e\u015fiyle evliliklerinde k\u00fclfetler oldu\u011funu, maktul\u00fcn ruhsal rahats\u0131zl\u0131klar\u0131 bulundu\u011funu, bir kezinde e\u015finin kalbine b\u0131\u00e7ak dayad\u0131\u011f\u0131n\u0131 \u00f6ne s\u00fcrd\u00fc. Uzakla\u015ft\u0131rma karar\u0131n\u0131n akabinde babas\u0131n\u0131n konutunda ya\u015fad\u0131\u011f\u0131n\u0131 kaydeden Temirhano\u011fullar\u0131, e\u015finin kendisini aldatt\u0131\u011f\u0131n\u0131, olay g\u00fcn\u00fc F.\u0130.&#8217;den e\u015finin konutuna gitmek i\u00e7in yard\u0131m istedi\u011fini ve a\u015fa\u011f\u0131da bekletti\u011fini belirtti. Meskene \u00e7\u0131kt\u0131\u011f\u0131nda ise Fadim Temirhano\u011fullar\u0131&#8217;n\u0131n kendisine k\u00fcf\u00fcr ve hakaret etti\u011fini, akabinde yatak odas\u0131ndaki silah\u0131 al\u0131p, e\u015fine tekraren ate\u015f etti\u011fini s\u00f6z etti.<\/p>\n<p><b><strong>BABASININ ANNES\u0130N\u0130 ALDATTI\u011eINI YAKALAMI\u015e<\/strong><\/b><\/p>\n<p>Fadim Temirhano\u011fullar\u0131&#8217;n\u0131n k\u0131z\u0131 \u0130.T. ise s\u00f6z\u00fcnde, yakla\u015f\u0131k 1 y\u0131l evvel babas\u0131n\u0131n annesini aldatt\u0131\u011f\u0131n\u0131 bildiriyle yakalad\u0131klar\u0131n\u0131, annesinin aldat\u0131ld\u0131\u011f\u0131 i\u00e7in babas\u0131yla daima tart\u0131\u015ft\u0131\u011f\u0131n\u0131, tart\u0131\u015fmalar s\u0131ras\u0131nda babas\u0131n\u0131n annesine &#8216;Seni \u00f6ld\u00fcrece\u011fim&#8217; dedi\u011fini ve annesine \u015fiddet uygulad\u0131\u011f\u0131n\u0131 s\u00f6z etti. \u0130.T., olay g\u00fcn\u00fc \u00e7\u0131\u011fl\u0131k sesi duydu\u011funu, kulland\u0131\u011f\u0131 ila\u00e7lardan \u00f6t\u00fcr\u00fc kabus g\u00f6rd\u00fc\u011f\u00fcn\u00fc d\u00fc\u015f\u00fcn\u00fcp geri uyudu\u011funu, saat 08.40&#8217;ta annesini g\u00f6rd\u00fc\u011f\u00fcn\u00fc ve babas\u0131ndan \u015fikayet\u00e7i oldu\u011funu s\u00f6yledi.<\/p>\n<p>Fadim Temirhano\u011fullar\u0131&#8217;n\u0131n karde\u015fi C.A. ise Sava\u015f Temirhano\u011fullar\u0131&#8217;n\u0131n ablas\u0131n\u0131 aldatt\u0131\u011f\u0131n\u0131, \u00e7iftin anla\u015famad\u0131klar\u0131n\u0131, ablas\u0131n\u0131n bo\u015fanmak istedi\u011fini ve &#8216;E\u011fer \u00f6ld\u00fcr\u00fcl\u00fcrsem bil ki Sava\u015f yapm\u0131\u015ft\u0131r&#8217; dedi\u011fini belirtti.<\/p>\n<p>Sava\u015f Temirhano\u011fullar\u0131&#8217;n\u0131n ka\u00e7mas\u0131na yard\u0131m etti\u011fi \u00f6ne s\u00fcr\u00fclen F.\u0130. ise tabirinde, Sava\u015f&#8217;\u0131n e\u015fiyle bar\u0131\u015fmak istedi\u011fini, o g\u00fcn kendisini maktul\u00fcn meskenine b\u0131rakt\u0131\u011f\u0131n\u0131 belirtti. A\u015fa\u011f\u0131da beklerken 5 dakika sonra Sava\u015f Temirhano\u011fullar\u0131&#8217;n\u0131n geldi\u011fini, ya\u015fananlardan haberi olmad\u0131\u011f\u0131n\u0131 tabir etti.<\/p>\n<p><b><strong>E\u015e\u0130N\u0130 DAHA EVVEL MEVTLE TEHD\u0130T ETM\u0130\u015e<\/strong><\/b><\/p>\n<p>\u0130ddianamede Sava\u015f Temirhano\u011fullar\u0131&#8217;n\u0131n tabirinin, alaca\u011f\u0131 cezay\u0131 d\u00fc\u015f\u00fcrmeye y\u00f6nelik oldu\u011fu de\u011ferlendirmesi yapan savc\u0131l\u0131k, daha evvel e\u015fine kar\u015f\u0131 vefat tehditlerinde bulundu\u011funu, buna k\u0131zlar\u0131 \u0130.T.&#8217;nin de \u015fahit oldu\u011funu kaydetti. \u0130ddianamede, &#8216;E\u015fe kar\u015f\u0131 tasarlayarak taamm\u00fcden \u00f6ld\u00fcrme&#8217; kabahatini i\u015fledi\u011fi tabir edilen san\u0131\u011f\u0131n, a\u011f\u0131rla\u015ft\u0131r\u0131lm\u0131\u015f \u00f6m\u00fcr uzunlu\u011fu mahpusla cezaland\u0131r\u0131lmas\u0131 istendi. Davan\u0131n g\u00f6r\u00fclmesine ileriki g\u00fcnlerde ba\u015flanacak.<\/p>\n","protected":false},"excerpt":{"rendered":"<p>Antalya&#8217;da 48 ya\u015f\u0131ndaki Sava\u015f Temirhano\u011fullar\u0131, bo\u015fanma kademesindeki e\u015fi  Fadim Temirhano\u011fullar\u0131&#8217;n\u0131 5 el ate\u015f ederek \u00f6ld\u00fcrd\u00fc.  E\u015finin daha evvel de vefatla tehdit etti\u011fi Fadim Temirhano\u011fullar\u0131&#8217;n\u0131n, karde\u015fine, &#8216;E\u011fer \u00f6ld\u00fcr\u00fcl\u00fcrsem bil ki Sava\u015f yapm\u0131\u015ft\u0131r&#8217; dedi\u011fi \u00f6\u011frenildi.<\/p>\n","protected":false},"author":1,"featured_media":17266,"comment_status":"open","ping_status":"open","sticky":false,"template":"","format":"standard","meta":{"footnotes":""},"categories":[25],"tags":[3473,3287,2507,1807,3472],"class_list":["post-17265","post","type-post","status-publish","format-standard","has-post-thumbnail","hentry","category-gundem","tag-annesini","tag-ettigi","tag-iddianame","tag-ifade","tag-savas-temirhanogullari"],"_links":{"self":[{"href":"https:\/\/ikimisli.tr\/index.php\/wp-json\/wp\/v2\/posts\/17265","targetHints":{"allow":["GET"]}}],"collection":[{"href":"https:\/\/ikimisli.tr\/index.php\/wp-json\/wp\/v2\/posts"}],"about":[{"href":"https:\/\/ikimisli.tr\/index.php\/wp-json\/wp\/v2\/types\/post"}],"author":[{"embeddable":true,"href":"https:\/\/ikimisli.tr\/index.php\/wp-json\/wp\/v2\/users\/1"}],"replies":[{"embeddable":true,"href":"https:\/\/ikimisli.tr\/index.php\/wp-json\/wp\/v2\/comments?post=17265"}],"version-history":[{"count":1,"href":"https:\/\/ikimisli.tr\/index.php\/wp-json\/wp\/v2\/posts\/17265\/revisions"}],"predecessor-version":[{"id":17267,"href":"https:\/\/ikimisli.tr\/index.php\/wp-json\/wp\/v2\/posts\/17265\/revisions\/17267"}],"wp:featuredmedia":[{"embeddable":true,"href":"https:\/\/ikimisli.tr\/index.php\/wp-json\/wp\/v2\/media\/17266"}],"wp:attachment":[{"href":"https:\/\/ikimisli.tr\/index.php\/wp-json\/wp\/v2\/media?parent=17265"}],"wp:term":[{"taxonomy":"category","embeddable":true,"href":"https:\/\/ikimisli.tr\/index.php\/wp-json\/wp\/v2\/categories?post=17265"},{"taxonomy":"post_tag","embeddable":true,"href":"https:\/\/ikimisli.tr\/index.php\/wp-json\/wp\/v2\/tags?post=17265"}],"curies":[{"name":"wp","href":"https:\/\/api.w.org\/{rel}","templated":true}]}}