{"id":17314,"date":"2025-03-05T19:00:05","date_gmt":"2025-03-05T19:00:05","guid":{"rendered":"https:\/\/ikimisli.tr\/?p=17314"},"modified":"2025-03-05T19:00:05","modified_gmt":"2025-03-05T19:00:05","slug":"birkac-saniye-icinde-hurdaya-donustu","status":"publish","type":"post","link":"https:\/\/ikimisli.tr\/index.php\/2025\/03\/05\/birkac-saniye-icinde-hurdaya-donustu\/","title":{"rendered":"Birka\u00e7 saniye i\u00e7inde hurdaya d\u00f6n\u00fc\u015ft\u00fc"},"content":{"rendered":"<p>Hatay&#8217;\u0131n Erzin il\u00e7esi Bah\u00e7elievler Mahallesi&#8217;nde \u00e7al\u0131\u015ft\u0131\u011f\u0131 firmadan \u00e7\u0131k\u0131p konuta d\u00f6nen Kadir Fazilet idaresindeki 31 ANB 208 plakal\u0131 araba, \u015fof\u00f6r\u00fcn\u00fcn denetimi yitirmesi sonucu yol kenar\u0131ndaki i\u015f yerinin duvar\u0131 ile palmiye a\u011fac\u0131na \u00e7arpt\u0131.<\/p>\n<p>Olay\u0131 g\u00f6ren mahalleli, yard\u0131ma ko\u015ftu. \u0130hbar \u00fczerine b\u00f6lgeye s\u0131hhat, itfaiye ve jandarma tak\u0131mlar\u0131 sevk edildi. \u0130kiye b\u00f6l\u00fcnen arabada hafif yaralanan Fazilet, ambulansla hastaneye kald\u0131r\u0131ld\u0131. Erdem&#8217;in sa\u011f aya\u011f\u0131nda \u00e7atlak ve \u00e7enesinde k\u00fc\u00e7\u00fck bir yar\u0131k oldu\u011fu belirtildi.<\/p>\n<p>\u00d6te yandan kaza, bir i\u015f yerinin g\u00fcvenlik kameras\u0131na yans\u0131d\u0131.<\/p>\n","protected":false},"excerpt":{"rendered":"<p>Hatay&#8217;da bir i\u015f yerinin duvar\u0131na \u00e7arpan ara\u00e7 ikiye b\u00f6l\u00fcnd\u00fc. 26 ya\u015f\u0131ndaki \u015fof\u00f6r Kadir Fazilet ise hafif yaraland\u0131.<\/p>\n","protected":false},"author":1,"featured_media":17315,"comment_status":"open","ping_status":"open","sticky":false,"template":"","format":"standard","meta":{"footnotes":""},"categories":[25],"tags":[],"class_list":["post-17314","post","type-post","status-publish","format-standard","has-post-thumbnail","hentry","category-gundem"],"_links":{"self":[{"href":"https:\/\/ikimisli.tr\/index.php\/wp-json\/wp\/v2\/posts\/17314","targetHints":{"allow":["GET"]}}],"collection":[{"href":"https:\/\/ikimisli.tr\/index.php\/wp-json\/wp\/v2\/posts"}],"about":[{"href":"https:\/\/ikimisli.tr\/index.php\/wp-json\/wp\/v2\/types\/post"}],"author":[{"embeddable":true,"href":"https:\/\/ikimisli.tr\/index.php\/wp-json\/wp\/v2\/users\/1"}],"replies":[{"embeddable":true,"href":"https:\/\/ikimisli.tr\/index.php\/wp-json\/wp\/v2\/comments?post=17314"}],"version-history":[{"count":1,"href":"https:\/\/ikimisli.tr\/index.php\/wp-json\/wp\/v2\/posts\/17314\/revisions"}],"predecessor-version":[{"id":17316,"href":"https:\/\/ikimisli.tr\/index.php\/wp-json\/wp\/v2\/posts\/17314\/revisions\/17316"}],"wp:featuredmedia":[{"embeddable":true,"href":"https:\/\/ikimisli.tr\/index.php\/wp-json\/wp\/v2\/media\/17315"}],"wp:attachment":[{"href":"https:\/\/ikimisli.tr\/index.php\/wp-json\/wp\/v2\/media?parent=17314"}],"wp:term":[{"taxonomy":"category","embeddable":true,"href":"https:\/\/ikimisli.tr\/index.php\/wp-json\/wp\/v2\/categories?post=17314"},{"taxonomy":"post_tag","embeddable":true,"href":"https:\/\/ikimisli.tr\/index.php\/wp-json\/wp\/v2\/tags?post=17314"}],"curies":[{"name":"wp","href":"https:\/\/api.w.org\/{rel}","templated":true}]}}