{"id":17481,"date":"2025-03-06T04:00:09","date_gmt":"2025-03-06T04:00:09","guid":{"rendered":"https:\/\/ikimisli.tr\/?p=17481"},"modified":"2025-03-06T04:00:09","modified_gmt":"2025-03-06T04:00:09","slug":"muge-anliya-canli-yayinda-buyu-yapildi-iddiasi-kendini-peygamber-ilan-eden-kadinin-muridi-ne-koydu","status":"publish","type":"post","link":"https:\/\/ikimisli.tr\/index.php\/2025\/03\/06\/muge-anliya-canli-yayinda-buyu-yapildi-iddiasi-kendini-peygamber-ilan-eden-kadinin-muridi-ne-koydu\/","title":{"rendered":"M\u00fcge Anl\u0131&#8217;ya canl\u0131 yay\u0131nda &#8216;b\u00fcy\u00fc yap\u0131ld\u0131&#8217; iddias\u0131: Kendini peygamber ilan eden kad\u0131n\u0131n m\u00fcridi ne koydu?"},"content":{"rendered":"<p>M\u00fcge Anl\u0131&#8217;n\u0131n programa ba\u015fvuran iki bilgisayar m\u00fchendisi Emin ve Resul Gayg\u0131s\u0131z karde\u015fler, hem\u015fire e\u015flerinin bir \u00fcf\u00fcr\u00fck\u00e7\u00fcn\u00fcn kelamlar\u0131yla konutlar\u0131ndan ka\u00e7t\u0131\u011f\u0131n\u0131 anlatarak \u00fcnl\u00fc sunucudan yard\u0131m istedi. Bayanlar, birlikte ka\u00e7arken \u00e7ocuklar\u0131n\u0131 da yanlar\u0131na alm\u0131\u015flard\u0131.<\/p>\n<p><img decoding=\"async\" src=\"https:\/\/ikimisli.tr\/wp-content\/uploads\/2025\/03\/muge-anliya-canli-yayinda-buyu-yapildi-iddiasi-kendini-peygamber-ilan-eden-kadinin-muridi-ne-waOyGFz4.jpg\"\/><\/p>\n<p>Anl\u0131, Emine ve H\u00fclya&#8217;y\u0131 buldu. \u0130ki karde\u015f, g\u00fcnler sonra e\u015flerinin kar\u015f\u0131s\u0131na \u00e7\u0131kt\u0131.<\/p>\n<p><img decoding=\"async\" src=\"https:\/\/ikimisli.tr\/wp-content\/uploads\/2025\/03\/muge-anliya-canli-yayinda-buyu-yapildi-iddiasi-kendini-peygamber-ilan-eden-kadinin-muridi-ne-3xnVkPzz.jpg\"\/><\/p>\n<p>\u0130ddialar\u0131n oda\u011f\u0131ndaki \u00fcf\u00fcr\u00fck\u00e7\u00fc de canl\u0131 yay\u0131n\u0131na \u00e7\u0131kt\u0131. M\u00fcge Anl\u0131&#8217;y\u0131 vefat b\u00fcy\u00fcs\u00fcyle tehdit eden bayan, yay\u0131nda &#8220;mehdi azam\u0131n hizmet\u00e7isiyim&#8221; dedi. Kendini peygamber ilan eden \u00fcf\u00fcr\u00fck\u00e7\u00fc G\u00f6n\u00fcl&#8217;\u00fcn WhatsApp arac\u0131l\u0131\u011f\u0131yla &#8220;askerlerine&#8221; g\u00f6nderdi\u011fi ses kayd\u0131 da canl\u0131 yay\u0131nda dinletildi.<\/p>\n<p><img decoding=\"async\" src=\"https:\/\/ikimisli.tr\/wp-content\/uploads\/2025\/03\/muge-anliya-canli-yayinda-buyu-yapildi-iddiasi-kendini-peygamber-ilan-eden-kadinin-muridi-ne-va7AF7rF.jpg\"\/><\/p>\n<p><b>&#8216;\u00c7AR\u015eAMBA G\u00dcN\u00dc HERKES HAZIRLIKLI OLSUN&#8217;<\/b><\/p>\n<p>\u00dcf\u00fcr\u00fck\u00e7\u00fcn\u00fcn ses kayd\u0131nda \u015fu s\u00f6zler yer al\u0131yordu:<\/p>\n<p>&#8220;\u00c7ar\u015famba g\u00fcn\u00fc herkes haz\u0131rl\u0131kl\u0131 olsun ve televizyonu aray\u0131p da ben sizi okudum benim hakk\u0131mda konu\u015fun l\u00fctfen. Onlar\u0131n yalanc\u0131 oldu\u011funu, as\u0131l \u015farlatan onlar\u0131n oldu\u011funu s\u00f6yleyin ve \u00e7ar\u015famba g\u00fcn\u00fc hepiniz imtihandas\u0131n\u0131z. Mehdi azam\u0131n askerlerinin hepsi imtihan\u0131mda biz de imtihan\u0131nday\u0131z. \u00c7ar\u015famba g\u00fcn\u00fcne haz\u0131r olun diye haber bana geldi. Efendimizin bildirdi\u011fi haberdir. Ben emrediyorum hepinize&#8221;<\/p>\n<p><img decoding=\"async\" src=\"https:\/\/ikimisli.tr\/wp-content\/uploads\/2025\/03\/muge-anliya-canli-yayinda-buyu-yapildi-iddiasi-kendini-peygamber-ilan-eden-kadinin-muridi-ne-vxJTHXOW.jpg\"\/><\/p>\n<p><b>&#8216;D\u0130B\u0130NE KADAR \u015eARLATANSIN, Y\u00dcZ\u00dcN\u00dc B\u0130LE D\u00d6NEM\u0130YORSUN&#8217;<\/b><\/p>\n<p>Duyduklar\u0131 kar\u015f\u0131s\u0131nda \u00e7ok \u00f6fkelenen M\u00fcge Anl\u0131, &#8220;Ben bunlar\u0131 dinlemeyece\u011fim. Ben size bu reklam\u0131 yapt\u0131rmam. O y\u00fczden sizle konu\u015fmuyorum. Taban\u0131na kadar size inanm\u0131yorum. Taban\u0131na kadar \u015farlatans\u0131n\u0131z! \u0130nsanlar\u0131n ruhsal problemlerinden, cehaletlerinden faydalanarak onlar\u0131n \u00fczerinden maddi imkan sa\u011flayan bir \u015farlatans\u0131n\u0131z.Y\u00fcz\u00fcn\u00fcz\u00fc bile d\u00f6nemiyorsunuz! Bana da hi\u00e7bir \u015fey yapamazs\u0131n sen. V\u0131z gelir t\u0131r\u0131s masraf. Ben Emine de\u011filim, H\u00fclya da de\u011filim. Bana hi\u00e7bir \u015fey yapamazs\u0131n. Rabbim ne biliyorsa o muhakkakt\u0131r. Demirden korkan trene binmez!&#8221; dedi.<\/p>\n<p><b>&#8216;MEHD\u0130 BURSA&#8217;DA SAKLANIYOR, H\u0130LAFET YAKINDIR&#8217;<\/b><\/p>\n<p>Yay\u0131na ba\u011flanan \u00fcf\u00fcr\u00fck\u00e7\u00fc &#8220;Bu ses kayd\u0131n\u0131 saklay\u0131n. Benim \u015farlatan olmad\u0131\u011f\u0131m\u0131, mehdinin benim o\u011flum olmad\u0131\u011f\u0131n\u0131 fakat mehdinin kim oldu\u011funu ben biliyorum. Saklan\u0131yor, Bursa&#8217;da ya\u015f\u0131yor. Hilafet yak\u0131nd\u0131r&#8221; dedi.<\/p>\n<p><b>&#8216;S\u0130Z\u0130N TEDAV\u0130YE GEREKS\u0130N\u0130M\u0130N\u0130Z VAR&#8217;<\/b><\/p>\n<p>M\u00fcge Anl\u0131 bu sefer daha da sonlanarak &#8220;Sizin tedaviye ihtiyac\u0131n\u0131z var han\u0131m efendi. Ben de buna vesile oldum bir bu eksikti bende kurban oldu\u011fum Allah&#8217;\u0131m&#8230; Madem onun askerisin a\u00e7 y\u00fcz\u00fcn\u00fc, ni\u00e7in s\u0131rt\u0131n\u0131z d\u00f6n\u00fck! Ben okuyan biriyim. \u0130slamiyete inanan biri varsa okur zati. Sabaha kadar tart\u0131\u015f\u0131r\u0131m dinler tarihi okumu\u015f bir bayan\u0131m ben. Sen madem bu kadar ulvi bir \u015feydesin neden s\u0131rt\u0131n d\u00f6n\u00fck &#8221; s\u00f6zlerini kulland\u0131.<\/p>\n<p><img decoding=\"async\" src=\"https:\/\/ikimisli.tr\/wp-content\/uploads\/2025\/03\/muge-anliya-canli-yayinda-buyu-yapildi-iddiasi-kendini-peygamber-ilan-eden-kadinin-muridi-ne-9zFTvXCf.jpg\"\/><\/p>\n<p><b>&#8216;MUSKA KOYDU&#8217; \u0130DD\u0130ASI<\/b><\/p>\n<p>Bir izleyici ise dikkat \u00e7eken bir tezde bulundu. \u0130zleyici, Emine Han\u0131m&#8217;\u0131n annesi G\u00fclhan\u0131m&#8217;\u0131n oturdu\u011fu koltu\u011fun ortas\u0131na muska koydu\u011funu arg\u00fcman etti.<\/p>\n<p>M\u00fcge Anl\u0131 da koltu\u011fu ayr\u0131nt\u0131l\u0131 inceleyip, &#8220;sanm\u0131yorum annesinin o denli bir \u015fey yapaca\u011f\u0131n\u0131&#8221; dedi.<\/p>\n<p><img decoding=\"async\" src=\"https:\/\/ikimisli.tr\/wp-content\/uploads\/2025\/03\/muge-anliya-canli-yayinda-buyu-yapildi-iddiasi-kendini-peygamber-ilan-eden-kadinin-muridi-ne-VnWAGBmU.jpg\"\/><\/p>\n<p><b>GER\u00c7EK \u0130SM\u0130 &#8216;G\u00d6N\u00dcL&#8217;\u00a0<\/b><\/p>\n<p>M\u00fcge Anl\u0131, ayr\u0131yeten, &#8220;Ger\u00e7ek ismi G\u00f6n\u00fcl Aytimur&#8217;mu\u015f. Ge\u00e7en y\u0131l Derman ismini ekletmi\u015f. Derman G\u00f6n\u00fcl Aytimur olmu\u015f&#8221; diyerek, \u00fcf\u00fcr\u00fck\u00e7\u00fcn\u00fcn kimli\u011fiyle ilgili \u015fok edici bir ger\u00e7e\u011fi a\u00e7\u0131klad\u0131.<\/p>\n<p><img decoding=\"async\" src=\"https:\/\/ikimisli.tr\/wp-content\/uploads\/2025\/03\/muge-anliya-canli-yayinda-buyu-yapildi-iddiasi-kendini-peygamber-ilan-eden-kadinin-muridi-ne-kLW9SxFF.jpg\"\/><\/p>\n<p><b>V\u0130LLASINDA G\u00d6ZALTINA ALINDI<\/b><\/p>\n<p>\u00dcf\u00fcr\u00fck\u00e7\u00fcn\u00fcn s\u00f6zleri \u00fczerine M\u00fcge Anl\u0131 yay\u0131n\u0131 ihbar kabul edildi. G\u00f6n\u00fcl, \u0130stanbul Cumhuriyet Ba\u015fsavc\u0131l\u0131\u011f\u0131 taraf\u0131ndan g\u00f6zalt\u0131na al\u0131nd\u0131. Ayr\u0131yeten, meskende arama \u00e7al\u0131\u015fmas\u0131 yap\u0131laca\u011f\u0131 aktar\u0131ld\u0131.<\/p>\n","protected":false},"excerpt":{"rendered":"<p>Almanya&#8217;dan T\u00fcrkiye&#8217;ye ka\u00e7an e\u015flerini bulmak i\u00e7in programa ba\u015fvuran Emin ve Resul Gayg\u0131s\u0131z karde\u015flerin anlatt\u0131klar\u0131, ak\u0131llara sakinlik verdi. Arg\u00fcmanlar\u0131n oda\u011f\u0131ndaki \u00fcf\u00fcr\u00fck\u00e7\u00fc ise M\u00fcge Anl\u0131&#8217;n\u0131n canl\u0131 yay\u0131n\u0131na \u00e7\u0131kt\u0131. Kendini peygamber ilan eden \u00fcf\u00fcr\u00fck\u00e7\u00fcn\u00fcn yay\u0131ndakilere g\u00f6nderdi\u011fi ses kayd\u0131 ise herkesi \u015foke etti. \u0130stanbul Cumhuriyet Ba\u015f\u015favc\u0131l\u0131\u011f\u0131 taraf\u0131ndan \u00fcf\u00fcr\u00fck\u00e7\u00fc hakk\u0131nda g\u00f6zalt\u0131 karar\u0131 \u00e7\u0131kt\u0131. Anl\u0131&#8217;n\u0131n canl\u0131 yay\u0131nlanan son program\u0131nda ise st\u00fcdyoya muska yerle\u015ftirildi\u011fi arg\u00fcman edildi.<\/p>\n","protected":false},"author":1,"featured_media":17482,"comment_status":"open","ping_status":"open","sticky":false,"template":"","format":"standard","meta":{"footnotes":""},"categories":[25],"tags":[3393,3514,3513,3515,3512],"class_list":["post-17481","post","type-post","status-publish","format-standard","has-post-thumbnail","hentry","category-gundem","tag-gonul","tag-mehdi","tag-muge-anli","tag-sarlatan","tag-ufurukcu"],"_links":{"self":[{"href":"https:\/\/ikimisli.tr\/index.php\/wp-json\/wp\/v2\/posts\/17481","targetHints":{"allow":["GET"]}}],"collection":[{"href":"https:\/\/ikimisli.tr\/index.php\/wp-json\/wp\/v2\/posts"}],"about":[{"href":"https:\/\/ikimisli.tr\/index.php\/wp-json\/wp\/v2\/types\/post"}],"author":[{"embeddable":true,"href":"https:\/\/ikimisli.tr\/index.php\/wp-json\/wp\/v2\/users\/1"}],"replies":[{"embeddable":true,"href":"https:\/\/ikimisli.tr\/index.php\/wp-json\/wp\/v2\/comments?post=17481"}],"version-history":[{"count":1,"href":"https:\/\/ikimisli.tr\/index.php\/wp-json\/wp\/v2\/posts\/17481\/revisions"}],"predecessor-version":[{"id":17490,"href":"https:\/\/ikimisli.tr\/index.php\/wp-json\/wp\/v2\/posts\/17481\/revisions\/17490"}],"wp:featuredmedia":[{"embeddable":true,"href":"https:\/\/ikimisli.tr\/index.php\/wp-json\/wp\/v2\/media\/17482"}],"wp:attachment":[{"href":"https:\/\/ikimisli.tr\/index.php\/wp-json\/wp\/v2\/media?parent=17481"}],"wp:term":[{"taxonomy":"category","embeddable":true,"href":"https:\/\/ikimisli.tr\/index.php\/wp-json\/wp\/v2\/categories?post=17481"},{"taxonomy":"post_tag","embeddable":true,"href":"https:\/\/ikimisli.tr\/index.php\/wp-json\/wp\/v2\/tags?post=17481"}],"curies":[{"name":"wp","href":"https:\/\/api.w.org\/{rel}","templated":true}]}}