{"id":17510,"date":"2025-03-06T05:24:18","date_gmt":"2025-03-06T05:24:18","guid":{"rendered":"https:\/\/ikimisli.tr\/?p=17510"},"modified":"2025-03-06T05:24:18","modified_gmt":"2025-03-06T05:24:18","slug":"edip-akbayramin-saglik-durumuyla-ilgili-son-aciklama","status":"publish","type":"post","link":"https:\/\/ikimisli.tr\/index.php\/2025\/03\/06\/edip-akbayramin-saglik-durumuyla-ilgili-son-aciklama\/","title":{"rendered":"Edip Akbayram&#8217;\u0131n sa\u011fl\u0131k durumuyla ilgili son a\u00e7\u0131klama"},"content":{"rendered":"<p>Evinde rahats\u0131zlanarak hastaneye kald\u0131r\u0131lan ve i\u00e7 kanama ge\u00e7irdi\u011fi anla\u015f\u0131lan m\u00fczik d\u00fcnyas\u0131n\u0131n usta ismi Edip Akbayram (75), tedavi g\u00f6rd\u00fc\u011f\u00fc Haydarpa\u015fa Numune E\u011fitim ve Ara\u015ft\u0131rma Hastanesi&#8217;nde 10 Ocak ve 13 Ocak&#8217;ta ameliyat edilmi\u015fti.<\/p>\n<p>Tedavisi a\u011f\u0131r bak\u0131mda devam eden Akbayram&#8217;\u0131n s\u0131hhat durumunun ciddiyetini korudu\u011fu \u00f6\u011frenildi.<\/p>\n<p>Usta sanatkar\u0131n s\u0131hhat durumu hakk\u0131nda e\u015fi Ayten Akbayram a\u00e7\u0131klama yapt\u0131.<\/p>\n<p>Milliyet&#8217;in haberine nazaran; Ayten Akbayram, &#8220;H\u00e2l\u00e2 a\u011f\u0131r bak\u0131mda. Tabipleri &#8216;iyi gidiyor&#8217; diyor. Yeterli olacak in\u015fallah&#8221; diye konu\u015ftu.<\/p>\n","protected":false},"excerpt":{"rendered":"<p>Konutunda rahats\u0131zlanarak hastaneye kald\u0131r\u0131lan ve i\u00e7 kanama ge\u00e7irdi\u011fi anla\u015f\u0131lan Edip Akbayram, Haydarpa\u015fa Numune E\u011fitim ve Ara\u015ft\u0131rma Hastanesi&#8217;nde iki sefer ameliyat edilmi\u015fti.  Tedavisi a\u011f\u0131r bak\u0131mda devam eden Akbayram&#8217;\u0131n s\u0131hhat durumuyla ilgili e\u015fi Ayten Akbayram a\u00e7\u0131klama yapt\u0131.<\/p>\n","protected":false},"author":1,"featured_media":17511,"comment_status":"open","ping_status":"open","sticky":false,"template":"","format":"standard","meta":{"footnotes":""},"categories":[27],"tags":[],"class_list":["post-17510","post","type-post","status-publish","format-standard","has-post-thumbnail","hentry","category-magazin"],"_links":{"self":[{"href":"https:\/\/ikimisli.tr\/index.php\/wp-json\/wp\/v2\/posts\/17510","targetHints":{"allow":["GET"]}}],"collection":[{"href":"https:\/\/ikimisli.tr\/index.php\/wp-json\/wp\/v2\/posts"}],"about":[{"href":"https:\/\/ikimisli.tr\/index.php\/wp-json\/wp\/v2\/types\/post"}],"author":[{"embeddable":true,"href":"https:\/\/ikimisli.tr\/index.php\/wp-json\/wp\/v2\/users\/1"}],"replies":[{"embeddable":true,"href":"https:\/\/ikimisli.tr\/index.php\/wp-json\/wp\/v2\/comments?post=17510"}],"version-history":[{"count":1,"href":"https:\/\/ikimisli.tr\/index.php\/wp-json\/wp\/v2\/posts\/17510\/revisions"}],"predecessor-version":[{"id":17512,"href":"https:\/\/ikimisli.tr\/index.php\/wp-json\/wp\/v2\/posts\/17510\/revisions\/17512"}],"wp:featuredmedia":[{"embeddable":true,"href":"https:\/\/ikimisli.tr\/index.php\/wp-json\/wp\/v2\/media\/17511"}],"wp:attachment":[{"href":"https:\/\/ikimisli.tr\/index.php\/wp-json\/wp\/v2\/media?parent=17510"}],"wp:term":[{"taxonomy":"category","embeddable":true,"href":"https:\/\/ikimisli.tr\/index.php\/wp-json\/wp\/v2\/categories?post=17510"},{"taxonomy":"post_tag","embeddable":true,"href":"https:\/\/ikimisli.tr\/index.php\/wp-json\/wp\/v2\/tags?post=17510"}],"curies":[{"name":"wp","href":"https:\/\/api.w.org\/{rel}","templated":true}]}}