{"id":17548,"date":"2025-03-06T07:24:06","date_gmt":"2025-03-06T07:24:06","guid":{"rendered":"https:\/\/ikimisli.tr\/?p=17548"},"modified":"2025-03-06T07:24:06","modified_gmt":"2025-03-06T07:24:06","slug":"felaket-anlari-tabancasini-temizlerken-kendini-vurdu","status":"publish","type":"post","link":"https:\/\/ikimisli.tr\/index.php\/2025\/03\/06\/felaket-anlari-tabancasini-temizlerken-kendini-vurdu\/","title":{"rendered":"Felaket anlar\u0131: Tabancas\u0131n\u0131 temizlerken kendini vurdu"},"content":{"rendered":"<p>Olay, \u00c7ar\u015famba il\u00e7esi Orduba\u015f\u0131 Mahallesi\u2019nde meydana geldi. Teze nazaran; konutta Muharrem Ayd\u0131n\u2019\u0131n temizledi\u011fi tabancas\u0131 kazara ate\u015f ald\u0131. Karn\u0131ndan vurulan Ayd\u0131n\u2019\u0131 konutta kanlar i\u00e7inde bulan yak\u0131nlar\u0131, durumu 112 Acil Davet Merkezi\u2019ne bildirdi. \u0130hbar \u00fczerine adrese jandarma ve s\u0131hhat tak\u0131mlar\u0131 sevk edildi.<\/p>\n<p>Sa\u011fl\u0131k tak\u0131m\u0131n\u0131n denetiminde Ayd\u0131n\u2019\u0131n hayat\u0131n\u0131 kaybetti\u011fi belirlendi. Ayd\u0131n\u2019\u0131n cenazesi otopsi yap\u0131lmak \u00fczere Adli T\u0131p Kurumu Samsun K\u00fcme Ba\u015fkanl\u0131\u011f\u0131\u2019na g\u00f6nderildi. Olayla ilgili soru\u015fturma s\u00fcr\u00fcyor.<\/p>\n","protected":false},"excerpt":{"rendered":"<p>Makus haber Samsun&#8217;un \u00c7ar\u015famba il\u00e7esinden geldi. Temizledi\u011fi tabancan\u0131n kazara ate\u015f almas\u0131 sonucu karn\u0131ndan vurulan 68 ya\u015f\u0131ndaki Muharrem Ayd\u0131n, hayat\u0131n\u0131 kaybetti.<\/p>\n","protected":false},"author":1,"featured_media":17549,"comment_status":"open","ping_status":"open","sticky":false,"template":"","format":"standard","meta":{"footnotes":""},"categories":[25],"tags":[],"class_list":["post-17548","post","type-post","status-publish","format-standard","has-post-thumbnail","hentry","category-gundem"],"_links":{"self":[{"href":"https:\/\/ikimisli.tr\/index.php\/wp-json\/wp\/v2\/posts\/17548","targetHints":{"allow":["GET"]}}],"collection":[{"href":"https:\/\/ikimisli.tr\/index.php\/wp-json\/wp\/v2\/posts"}],"about":[{"href":"https:\/\/ikimisli.tr\/index.php\/wp-json\/wp\/v2\/types\/post"}],"author":[{"embeddable":true,"href":"https:\/\/ikimisli.tr\/index.php\/wp-json\/wp\/v2\/users\/1"}],"replies":[{"embeddable":true,"href":"https:\/\/ikimisli.tr\/index.php\/wp-json\/wp\/v2\/comments?post=17548"}],"version-history":[{"count":1,"href":"https:\/\/ikimisli.tr\/index.php\/wp-json\/wp\/v2\/posts\/17548\/revisions"}],"predecessor-version":[{"id":17550,"href":"https:\/\/ikimisli.tr\/index.php\/wp-json\/wp\/v2\/posts\/17548\/revisions\/17550"}],"wp:featuredmedia":[{"embeddable":true,"href":"https:\/\/ikimisli.tr\/index.php\/wp-json\/wp\/v2\/media\/17549"}],"wp:attachment":[{"href":"https:\/\/ikimisli.tr\/index.php\/wp-json\/wp\/v2\/media?parent=17548"}],"wp:term":[{"taxonomy":"category","embeddable":true,"href":"https:\/\/ikimisli.tr\/index.php\/wp-json\/wp\/v2\/categories?post=17548"},{"taxonomy":"post_tag","embeddable":true,"href":"https:\/\/ikimisli.tr\/index.php\/wp-json\/wp\/v2\/tags?post=17548"}],"curies":[{"name":"wp","href":"https:\/\/api.w.org\/{rel}","templated":true}]}}