{"id":17681,"date":"2025-03-06T14:24:07","date_gmt":"2025-03-06T14:24:07","guid":{"rendered":"https:\/\/ikimisli.tr\/?p=17681"},"modified":"2025-03-06T14:24:07","modified_gmt":"2025-03-06T14:24:07","slug":"abdden-panama-icin-dikkat-ceken-ziyaret","status":"publish","type":"post","link":"https:\/\/ikimisli.tr\/index.php\/2025\/03\/06\/abdden-panama-icin-dikkat-ceken-ziyaret\/","title":{"rendered":"ABD&#8217;den Panama i\u00e7in dikkat \u00e7eken ziyaret"},"content":{"rendered":"<p>ABD D\u0131\u015fi\u015fleri Bakan\u0131 Marco Rubio&#8217;nun, Panama&#8217;ya ger\u00e7ekle\u015ftirece\u011fi birinci yurt d\u0131\u015f\u0131 ziyaretinin tarihi a\u015fik\u00e2r oldu. Amerikan medyas\u0131na yans\u0131yan bilgilere nazaran, Rubio, ocak ay\u0131 sonunda Panama&#8217;ya ziyaret ger\u00e7ekle\u015ftirecek.<\/p>\n<p>Rubio&#8217;nun Panama ziyaretinin akabinde, Guatemala, El Salvador, Kosta Rika ve Dominik Cumhuriyeti&#8217;ni de kapsayan bir b\u00f6lgesel t\u0131p yapmas\u0131 planlan\u0131yor. Bu ziyaret, Lider Donald Trump&#8217;\u0131n Panama Kanal\u0131&#8217;na ait yapt\u0131\u011f\u0131 a\u00e7\u0131klamalar\u0131n akabinde, Amerika&#8217;n\u0131n Bat\u0131 Yar\u0131mk\u00fcre&#8217;deki stratejik ba\u011flar\u0131n\u0131 g\u00fc\u00e7lendirmeyi ama\u00e7layan de\u011ferli bir ad\u0131m olarak de\u011ferlendiriliyor.<\/p>\n<p>D\u0131\u015fi\u015fleri Bakanl\u0131\u011f\u0131 S\u00f6zc\u00fcs\u00fc Tammy Bruce, Rubio&#8217;nun ziyaretinin net tarihini a\u00e7\u0131klamaktan ka\u00e7\u0131n\u0131rken, Trump idaresinin Panama Kanal\u0131 ve Bat\u0131 Yar\u0131mk\u00fcre&#8217;deki m\u00fcnasebetler \u00fczerinde durdu\u011funu belirtti. Trump&#8217;\u0131n ajandas\u0131ndaki \u00f6nceliklerden biri olarak, bu b\u00f6lgedeki stratejik ba\u011flar\u0131n g\u00fc\u00e7lendirilmesinin k\u0131ymetli oldu\u011fu vurguland\u0131.<\/p>\n","protected":false},"excerpt":{"rendered":"<p>ABD Ba\u015fkan\u0131 Donald Trump&#8217;\u0131n Panama Kanal\u0131yla ilgili s\u00f6zlerinin ard\u0131ndan D\u0131\u015fi\u015fleri Bakan\u0131 Marco Rubio&#8217;nun ilk yurt d\u0131\u015f\u0131 ziyaretini Panama&#8217;ya yapaca\u011f\u0131n\u0131 \u00f6\u011frenildi<\/p>\n","protected":false},"author":1,"featured_media":17682,"comment_status":"open","ping_status":"open","sticky":false,"template":"","format":"standard","meta":{"footnotes":""},"categories":[43],"tags":[981,642],"class_list":["post-17681","post","type-post","status-publish","format-standard","has-post-thumbnail","hentry","category-dunya","tag-panama","tag-ziyaret"],"_links":{"self":[{"href":"https:\/\/ikimisli.tr\/index.php\/wp-json\/wp\/v2\/posts\/17681","targetHints":{"allow":["GET"]}}],"collection":[{"href":"https:\/\/ikimisli.tr\/index.php\/wp-json\/wp\/v2\/posts"}],"about":[{"href":"https:\/\/ikimisli.tr\/index.php\/wp-json\/wp\/v2\/types\/post"}],"author":[{"embeddable":true,"href":"https:\/\/ikimisli.tr\/index.php\/wp-json\/wp\/v2\/users\/1"}],"replies":[{"embeddable":true,"href":"https:\/\/ikimisli.tr\/index.php\/wp-json\/wp\/v2\/comments?post=17681"}],"version-history":[{"count":1,"href":"https:\/\/ikimisli.tr\/index.php\/wp-json\/wp\/v2\/posts\/17681\/revisions"}],"predecessor-version":[{"id":17683,"href":"https:\/\/ikimisli.tr\/index.php\/wp-json\/wp\/v2\/posts\/17681\/revisions\/17683"}],"wp:featuredmedia":[{"embeddable":true,"href":"https:\/\/ikimisli.tr\/index.php\/wp-json\/wp\/v2\/media\/17682"}],"wp:attachment":[{"href":"https:\/\/ikimisli.tr\/index.php\/wp-json\/wp\/v2\/media?parent=17681"}],"wp:term":[{"taxonomy":"category","embeddable":true,"href":"https:\/\/ikimisli.tr\/index.php\/wp-json\/wp\/v2\/categories?post=17681"},{"taxonomy":"post_tag","embeddable":true,"href":"https:\/\/ikimisli.tr\/index.php\/wp-json\/wp\/v2\/tags?post=17681"}],"curies":[{"name":"wp","href":"https:\/\/api.w.org\/{rel}","templated":true}]}}