{"id":17691,"date":"2025-03-06T15:00:07","date_gmt":"2025-03-06T15:00:07","guid":{"rendered":"https:\/\/ikimisli.tr\/?p=17691"},"modified":"2025-03-06T15:00:07","modified_gmt":"2025-03-06T15:00:07","slug":"chpli-gokce-gokcenden-erdogana-erdoganin-yargi-strateji-belgesi-koca-bir-sifir","status":"publish","type":"post","link":"https:\/\/ikimisli.tr\/index.php\/2025\/03\/06\/chpli-gokce-gokcenden-erdogana-erdoganin-yargi-strateji-belgesi-koca-bir-sifir\/","title":{"rendered":"CHP&#8217;li G\u00f6k\u00e7e G\u00f6k\u00e7en&#8217;den Erdo\u011fan&#8217;a: \u201cErdo\u011fan\u2019\u0131n yarg\u0131 strateji belgesi koca bir s\u0131f\u0131r&#8221;"},"content":{"rendered":"<p>CHP Genel Lider Yard\u0131mc\u0131s\u0131 G\u00f6k\u00e7en, Adalet Bakan\u0131&#8217;n\u0131n Temmuz ay\u0131nda &#8220;geldi gelecek&#8221; diyerek beklenen Yarg\u0131 Islahat\u0131 Strateji Belgesi&#8217;nin 6 ayl\u0131k bir gecikmeyle a\u00e7\u0131klanmas\u0131na reaksiyon g\u00f6sterdi. G\u00f6k\u00e7en, yapt\u0131\u011f\u0131 yaz\u0131l\u0131 a\u00e7\u0131klamada, &#8220;Adalet Bakan\u0131&#8217;n\u0131n Temmuz ay\u0131ndan beri \u2018geldi gelecek\u2019 diye a\u00e7\u0131klamalar yapt\u0131\u011f\u0131 Yarg\u0131 Islahat\u0131 Strateji Dok\u00fcman\u0131, 6 ayl\u0131k gecikmeyle a\u00e7\u0131kland\u0131. Adaleti savunanlar\u0131 maksat alan bir a\u00e7\u0131klamayla Erdo\u011fan, yarg\u0131ya ve adalet bekleyen vatanda\u015flara bir kere daha parmak sallad\u0131,&#8221; dedi.<\/p>\n<p>G\u00f6k\u00e7en, Cumhurba\u015fkan\u0131 Erdo\u011fan&#8217;\u0131n a\u00e7\u0131klamalar\u0131n\u0131 ele\u015ftirerek, &#8220;Yani Erdo\u011fan\u2019\u0131n yarg\u0131 strateji evrak\u0131, t\u0131pk\u0131 uzayan yarg\u0131lamalar \u00fczere. Y\u0131lan k\u0131ssas\u0131na d\u00f6nen uzun bir s\u00fcre\u00e7, sonucu ise koskoca bir s\u0131f\u0131r,&#8221; formunda konu\u015ftu. Yarg\u0131 \u0131slahat\u0131n\u0131n beklenen sonu\u00e7lar\u0131 vermedi\u011fini belirten G\u00f6k\u00e7en, adaletin savunulmas\u0131 gerekti\u011fini vurgulayarak, yap\u0131lan a\u00e7\u0131klamalar\u0131n ve uygulamalar\u0131n adalet aray\u0131\u015f\u0131ndaki vatanda\u015flar\u0131 daha da umutsuz hale getirdi\u011fini s\u00f6z etti.<\/p>\n<p>G\u00f6k\u00e7en, \u015funlar\u0131 kaydetti:<\/p>\n<p><strong>&#8220;Anayasa Mahkemesi kararlar\u0131n\u0131n uygulanmad\u0131\u011f\u0131 bir \u00fclkede kimse adaletten bahsetmesin&#8221;<\/strong><\/p>\n<p>&#8220;Anayasay\u0131 gaye alanlar\u0131n, kendi yapt\u0131klar\u0131 anayasaya bile uymayanlar\u0131n demokrasiden ve yeni bir anayasadan bahsetmeleri abesle i\u015ftigal. Anayasa Mahkemesi ve Avrupa \u0130nsan Haklar\u0131 Mahkemesi kararlar\u0131n\u0131n uygulanmad\u0131\u011f\u0131 bir \u00fclkede kimse adaletten bahsetmesin. Gencecik hakim adaylar\u0131n\u0131n, yaz\u0131l\u0131 imtihanlarda y\u00fcksek puan almalar\u0131na kar\u015f\u0131n \u015faibeli m\u00fclakatlarda elendikleri bir \u00fclkede kimse adaletten bahsetmesin. Vatanda\u015flar\u0131n adalet ararken torpil ve kay\u0131rmayla kar\u015f\u0131la\u015ft\u0131klar\u0131 bir \u00fclkede kimse adaletten bahsetmesin. \u0130ktidar mensubu siyaset\u00e7ilerin hakimi s\u00fcrd\u00fcklerini itiraf ettikleri bir \u00fclkede kimse adaletten bahsetmesin. Her g\u00fcn gazetecilerin ama\u00e7 al\u0131nd\u0131\u011f\u0131, her g\u00fcn bir belediyeye hukuksuz operasyonlar yap\u0131ld\u0131\u011f\u0131, her partiden siyaset\u00e7inin yarg\u0131 sopas\u0131yla tehdit edildi\u011fi bir \u00fclkede kimse yarg\u0131 reformundan bahsetmesin.&#8221;<\/p>\n","protected":false},"excerpt":{"rendered":"<p>CHP Genel Lider Yard\u0131mc\u0131s\u0131 G\u00f6k\u00e7e G\u00f6k\u00e7en, Cumhurba\u015fkan\u0131 Recep Tayyip Erdo\u011fan taraf\u0131ndan a\u00e7\u0131klanan Yarg\u0131 Islahat\u0131 Strateji Belgesi\u2019ni ele\u015ftirerek, \u201cErdo\u011fan\u2019\u0131n yarg\u0131 strateji dok\u00fcman\u0131, t\u0131pk\u0131 uzayan yarg\u0131lamalar \u00fczere. Y\u0131lan \u00f6yk\u00fcs\u00fcne d\u00f6nen uzun bir s\u00fcre\u00e7, sonucu ise koskoca bir s\u0131f\u0131r\u201d dedi<\/p>\n","protected":false},"author":1,"featured_media":17692,"comment_status":"open","ping_status":"open","sticky":false,"template":"","format":"standard","meta":{"footnotes":""},"categories":[25],"tags":[971,1098,3545,1019],"class_list":["post-17691","post","type-post","status-publish","format-standard","has-post-thumbnail","hentry","category-gundem","tag-adalet","tag-anayasa","tag-gokcen","tag-yargi"],"_links":{"self":[{"href":"https:\/\/ikimisli.tr\/index.php\/wp-json\/wp\/v2\/posts\/17691","targetHints":{"allow":["GET"]}}],"collection":[{"href":"https:\/\/ikimisli.tr\/index.php\/wp-json\/wp\/v2\/posts"}],"about":[{"href":"https:\/\/ikimisli.tr\/index.php\/wp-json\/wp\/v2\/types\/post"}],"author":[{"embeddable":true,"href":"https:\/\/ikimisli.tr\/index.php\/wp-json\/wp\/v2\/users\/1"}],"replies":[{"embeddable":true,"href":"https:\/\/ikimisli.tr\/index.php\/wp-json\/wp\/v2\/comments?post=17691"}],"version-history":[{"count":1,"href":"https:\/\/ikimisli.tr\/index.php\/wp-json\/wp\/v2\/posts\/17691\/revisions"}],"predecessor-version":[{"id":17693,"href":"https:\/\/ikimisli.tr\/index.php\/wp-json\/wp\/v2\/posts\/17691\/revisions\/17693"}],"wp:featuredmedia":[{"embeddable":true,"href":"https:\/\/ikimisli.tr\/index.php\/wp-json\/wp\/v2\/media\/17692"}],"wp:attachment":[{"href":"https:\/\/ikimisli.tr\/index.php\/wp-json\/wp\/v2\/media?parent=17691"}],"wp:term":[{"taxonomy":"category","embeddable":true,"href":"https:\/\/ikimisli.tr\/index.php\/wp-json\/wp\/v2\/categories?post=17691"},{"taxonomy":"post_tag","embeddable":true,"href":"https:\/\/ikimisli.tr\/index.php\/wp-json\/wp\/v2\/tags?post=17691"}],"curies":[{"name":"wp","href":"https:\/\/api.w.org\/{rel}","templated":true}]}}