{"id":17742,"date":"2025-03-06T17:48:10","date_gmt":"2025-03-06T17:48:10","guid":{"rendered":"https:\/\/ikimisli.tr\/?p=17742"},"modified":"2025-03-06T17:48:10","modified_gmt":"2025-03-06T17:48:10","slug":"kartalkayadaki-otel-yangininda-carsaflar-dikkat-cekmisti-mucize-kurtulusu-anlatti","status":"publish","type":"post","link":"https:\/\/ikimisli.tr\/index.php\/2025\/03\/06\/kartalkayadaki-otel-yangininda-carsaflar-dikkat-cekmisti-mucize-kurtulusu-anlatti\/","title":{"rendered":"Kartalkaya&#8217;daki otel yang\u0131n\u0131nda \u00e7ar\u015faflar dikkat \u00e7ekmi\u015fti! Mucize kurtulu\u015fu anlatt\u0131"},"content":{"rendered":"<p>78 ki\u015finin hayat\u0131n\u0131 yitirdi\u011fi Kartalkaya&#8217;daki otel yan\u0131nda camlardan sark\u0131t\u0131lan \u00e7ar\u015faflar olay\u0131n vahametini bir sefer daha g\u00f6zler \u00f6n\u00fcne sermi\u015fti. Yang\u0131ndan beraberindekilerle a\u015fa\u011f\u0131 sark\u0131tt\u0131klar\u0131 \u00e7ar\u015fafla kurtulan otel foto\u011fraf\u00e7\u0131s\u0131 Mehmet Tahir Nama, ya\u015fad\u0131klar\u0131n\u0131 anlatt\u0131.<\/p>\n<p>Nama, k\u0131\u015f d\u00f6neminde otelde foto\u011fraf\u00e7\u0131l\u0131k yapt\u0131\u011f\u0131n\u0131, ya\u015fanan olayda yaraland\u0131\u011f\u0131n\u0131 ve tedavisinin akabinde Milas il\u00e7esindeki konutuna d\u00f6nd\u00fc\u011f\u00fcn\u00fc belirtti.<\/p>\n<p><img decoding=\"async\" src=\"https:\/\/ikimisli.tr\/wp-content\/uploads\/2025\/03\/kartalkayadaki-otel-yangininda-carsaflar-dikkat-cekmisti-mucize-kurtulusu-anlatti-0-FG28AMXa.jpg\"\/><\/p>\n<p><b>10. KATTA KALIYORDU<\/b><\/p>\n<p>Ya\u015fad\u0131klar\u0131n\u0131 unutman\u0131n g\u00fc\u00e7 oldu\u011funu belirten 33 ya\u015f\u0131ndaki Nama, 10&#8217;uncu kattaki odas\u0131nda o gece duman kokusu ve insanlar\u0131n ba\u011fr\u0131\u015fmalar\u0131yla uyand\u0131\u011f\u0131n\u0131 tabir etti.<\/p>\n<p>Ya\u015fad\u0131\u011f\u0131 deh\u015fet dolu anlar\u0131 anlatan Nama, &#8220;\u00c7ok \u00fcz\u00fcc\u00fc bir gece oldu. Yan\u0131mdaki arkada\u015f\u0131m\u0131 uyand\u0131rd\u0131m. Daha evvel de otelde \u00e7al\u0131\u015ft\u0131\u011f\u0131m\u0131z i\u00e7in hem i\u015f\u00e7inin kulland\u0131\u011f\u0131 hem bizim yang\u0131n merdiveni olarak isimlendirdi\u011fimiz merdivenlerden ne kadar a\u015fa\u011f\u0131ya inersek o kadar \u00e2l\u00e2 olur dedik. Aral\u0131k k\u0131sal\u0131rsa atlar\u0131z diye d\u00fc\u015f\u00fcnd\u00fck. \u0130ki kata lakin inebildik.&#8221; dedi.<\/p>\n<p><b>&#8220;DUMANIN OLMADI\u011eI ODAYA G\u0130RD\u0130K&#8221;<\/b><\/p>\n<p>Dumandan \u00f6t\u00fcr\u00fc yedinci kata inemediklerini lisana getiren Nama, otelin bir taraf\u0131n\u0131n b\u00fcsb\u00fct\u00fcn dumanla kapl\u0131 oldu\u011funu, duman\u0131n kaplamad\u0131\u011f\u0131 \u00f6teki tarafta koridorun sonundaki iki odadan birine girdiklerini tabir etti.<\/p>\n<p>Sekizinci katta girdikleri odaya da duman\u0131n s\u00fcratle geldi\u011fini aktaran Nama, havluyu \u0131slat\u0131p kap\u0131n\u0131n alt\u0131na koydu\u011funu, ona kar\u015f\u0131n duman\u0131n yava\u015f yava\u015f oday\u0131 kaplad\u0131\u011f\u0131n\u0131 lisana getirdi.<\/p>\n<p><img decoding=\"async\" src=\"https:\/\/ikimisli.tr\/wp-content\/uploads\/2025\/03\/kartalkayadaki-otel-yangininda-carsaflar-dikkat-cekmisti-mucize-kurtulusu-anlatti-1-CCyq2RFY.jpg\"\/><\/p>\n<p><b>&#8220;HERKES YANGIN MERD\u0130VEN\u0130N\u0130N NEREDE OLDU\u011eUNU B\u0130LEMEZ&#8221;<\/b><\/p>\n<p>Yang\u0131n s\u0131ras\u0131nda girdikleri odadaki 15-20 ki\u015fi ortas\u0131nda otel \u00e7al\u0131\u015fan\u0131 olarak yaln\u0131zca kendilerinin bulundu\u011funu, ba\u015fkalar\u0131n\u0131n yar\u0131 y\u0131l tatili i\u00e7in \u00e7ocuklar\u0131yla gelen aileler oldu\u011funu aktaran Nama, \u015funlar\u0131 anlatt\u0131:<\/p>\n<p>&#8220;Cam\u0131 k\u0131rd\u0131k. \u0130ki tane tek ki\u015filik yata\u011f\u0131 \u00fczerine atlar\u0131z diye d\u0131\u015far\u0131ya f\u0131rlatt\u0131k O s\u0131rada \u00f6teki bir a\u011fabey de \u00e7ar\u015faflar\u0131 ba\u011flamaya ba\u015flam\u0131\u015ft\u0131. Evvel yan\u0131mdaki gen\u00e7 arkada\u015f\u0131mdan rica ettim, \u00e7ar\u015fafla birinci inen o oldu. Ondan sonra \u00e7ocuklar\u0131 indirdik, ba\u015f\u0131m\u0131z rahatlad\u0131. Oyun salonunun \u00fczerine, sac olan yere inmeye \u00e7al\u0131\u015f\u0131yorduk. Ben inerken bir m\u00fchlet sonra \u00e7ar\u015faf\u0131 tutamad\u0131m yakla\u015f\u0131k iki metreden s\u0131rt \u00fcst\u00fc d\u00fc\u015ft\u00fcm. Hastaneye g\u00f6nderdiler. Ya\u015fad\u0131klar\u0131m\u0131z, duman, \u00e7\u0131\u011fl\u0131klar, insanlar\u0131n can pazar\u0131yd\u0131. Biz i\u00e7erideki yang\u0131n merdivenini kulland\u0131k lakin biz onu g\u00f6rebildik. Herkes nerede oldu\u011funu yahut nas\u0131l inebildi\u011fini bilemez. O hengamede g\u00f6remez de o da olabilir. Allah bir daha ya\u015fatmas\u0131n.&#8221;<\/p>\n<p>Hastane s\u00fcrecinde kendileriyle \u00e7ok ilgilenildi\u011fini kaydeden Nama, dinlenmeleri i\u00e7in bir otelde konuk edildiklerini s\u00f6yledi.<\/p>\n","protected":false},"excerpt":{"rendered":"<p>Bolu Kartalkaya Kayak Merkezi&#8217;ndeki Grand Kartal Otel&#8217;de \u00e7\u0131kan yang\u0131ndan sa\u011f kurtulan otelin foto\u011fraf\u00e7\u0131s\u0131 Mehmet Tahir Nama, sekizinci kattan birbirine ba\u011flad\u0131klar\u0131 \u00e7ar\u015faflarla inerek kurtuldu. Nama, mucize kurtulu\u015fu anlatt\u0131.<\/p>\n","protected":false},"author":1,"featured_media":17743,"comment_status":"open","ping_status":"open","sticky":false,"template":"","format":"standard","meta":{"footnotes":""},"categories":[25],"tags":[3256,3554,73,64],"class_list":["post-17742","post","type-post","status-publish","format-standard","has-post-thumbnail","hentry","category-gundem","tag-duman","tag-nama","tag-otel","tag-yangin"],"_links":{"self":[{"href":"https:\/\/ikimisli.tr\/index.php\/wp-json\/wp\/v2\/posts\/17742","targetHints":{"allow":["GET"]}}],"collection":[{"href":"https:\/\/ikimisli.tr\/index.php\/wp-json\/wp\/v2\/posts"}],"about":[{"href":"https:\/\/ikimisli.tr\/index.php\/wp-json\/wp\/v2\/types\/post"}],"author":[{"embeddable":true,"href":"https:\/\/ikimisli.tr\/index.php\/wp-json\/wp\/v2\/users\/1"}],"replies":[{"embeddable":true,"href":"https:\/\/ikimisli.tr\/index.php\/wp-json\/wp\/v2\/comments?post=17742"}],"version-history":[{"count":1,"href":"https:\/\/ikimisli.tr\/index.php\/wp-json\/wp\/v2\/posts\/17742\/revisions"}],"predecessor-version":[{"id":17746,"href":"https:\/\/ikimisli.tr\/index.php\/wp-json\/wp\/v2\/posts\/17742\/revisions\/17746"}],"wp:featuredmedia":[{"embeddable":true,"href":"https:\/\/ikimisli.tr\/index.php\/wp-json\/wp\/v2\/media\/17743"}],"wp:attachment":[{"href":"https:\/\/ikimisli.tr\/index.php\/wp-json\/wp\/v2\/media?parent=17742"}],"wp:term":[{"taxonomy":"category","embeddable":true,"href":"https:\/\/ikimisli.tr\/index.php\/wp-json\/wp\/v2\/categories?post=17742"},{"taxonomy":"post_tag","embeddable":true,"href":"https:\/\/ikimisli.tr\/index.php\/wp-json\/wp\/v2\/tags?post=17742"}],"curies":[{"name":"wp","href":"https:\/\/api.w.org\/{rel}","templated":true}]}}