{"id":17747,"date":"2025-03-06T18:00:07","date_gmt":"2025-03-06T18:00:07","guid":{"rendered":"https:\/\/ikimisli.tr\/?p=17747"},"modified":"2025-03-06T18:00:07","modified_gmt":"2025-03-06T18:00:07","slug":"kadikoyde-sessiz-gece","status":"publish","type":"post","link":"https:\/\/ikimisli.tr\/index.php\/2025\/03\/06\/kadikoyde-sessiz-gece\/","title":{"rendered":"Kad\u0131k\u00f6y\u2019de sessiz gece!"},"content":{"rendered":"<p>UEFA Avrupa Ligi&#8217;nin 7. haftas\u0131nda Fenerbah\u00e7e ile Olimpik Lyon \u00dclker Stad\u0131&#8217;nda kar\u015f\u0131la\u015ft\u0131. Ma\u00e7\u0131n \u015fimdi 2. dakikas\u0131nda Fenerbah\u00e7e gole yakla\u015ft\u0131. Ceza alan\u0131 i\u00e7inde olu\u015fan karambolde \u00c7a\u011flar S\u00f6y\u00fcnc\u00fc topu penalt\u0131 noktas\u0131na yanl\u0131\u015fs\u0131z doldurdu. Yusuf Ak\u00e7i\u00e7ek, me\u015fin yuvarla\u011fa geli\u015fine vurdu, savunmaya \u00e7arpan top dire\u011fin taban\u0131ndan kornere gitti. 39. dakikada Lyon gole yakla\u015ft\u0131. Fenerbah\u00e7e ceza alan\u0131na g\u00f6nderilen uzun topta \u00c7a\u011flar S\u00f6y\u00fcnc\u00fc&#8217;n\u00fcn uzakla\u015ft\u0131rmak istedi\u011fi top Tolisso&#8217;da kald\u0131. Bu oyuncunun kale alan\u0131 \u00f6n\u00fc sa\u011f \u00e7aprazdan \u015futunda, \u0130rfan Can E\u011fribayat gole m\u00fcsaade vermedi.<\/p>\n<p><b>KIRMIZI KART VAR\u2019DAN D\u00d6ND\u00dc<\/b><\/p>\n<p>45+6. dakikada Tadic&#8217;in pas\u0131nda soldan ata\u011fa kalkan \u0130rfan Can Kahveci, Niakhate&#8217;nin m\u00fcdahalesiyle yerde kald\u0131. Bu konumda hakem Simone Sozza, Niakhate&#8217;yi direkt k\u0131rm\u0131z\u0131 kartla oyun d\u0131\u015f\u0131na g\u00f6nderdi. VAR uyar\u0131s\u0131 sonras\u0131nda konumu tekrar izleyen hakem Sozza, k\u0131rm\u0131z\u0131 kart\u0131 iptal ederek oyuncuya sar\u0131 kart g\u00f6sterdi. Kar\u015f\u0131la\u015fman\u0131n birinci yar\u0131s\u0131 gols\u00fcz e\u015fitlikle sonu\u00e7land\u0131.<\/p>\n<p>M\u00fccadelenin ikinci yar\u0131s\u0131nda daha istekli olan taraf Fenerbah\u00e7e\u2019ydi. Sar\u0131 lacivertliler galibiye i\u00e7in konumlara girse de skorda bir de\u011fi\u015fiklik olmad\u0131 ve u\u011fra\u015f ba\u015flad\u0131\u011f\u0131 \u00fczere sona erdi.\u00a0 Bu sonu\u00e7la Fenerbah\u00e7e puan\u0131n\u0131 9 yaparken Frans\u0131z tak\u0131m\u0131 de 14 yapt\u0131.<\/p>\n<p>19.s\u0131rada yer alan Fenerbah\u00e7e play off i\u00e7in UEFA Avrupa Ligi&#8217;nin 8. haftas\u0131nda Midtjylland ile deplasmanda kar\u015f\u0131la\u015facak.<\/p>\n","protected":false},"excerpt":{"rendered":"<p>Fenerbah\u00e7e UEFA Avrupa Ligi&#8217;nin 7. haftas\u0131nda alan\u0131nda Lyon\u2019u konuk etti. \u00c7aba ba\u015flad\u0131\u011f\u0131 \u00fczere sona ererken sar\u0131 lacivertliler play-off talihini son ma\u00e7a b\u0131rakt\u0131.<\/p>\n","protected":false},"author":1,"featured_media":17748,"comment_status":"open","ping_status":"open","sticky":false,"template":"","format":"standard","meta":{"footnotes":""},"categories":[30],"tags":[1069],"class_list":["post-17747","post","type-post","status-publish","format-standard","has-post-thumbnail","hentry","category-spor","tag-fenerbahce"],"_links":{"self":[{"href":"https:\/\/ikimisli.tr\/index.php\/wp-json\/wp\/v2\/posts\/17747","targetHints":{"allow":["GET"]}}],"collection":[{"href":"https:\/\/ikimisli.tr\/index.php\/wp-json\/wp\/v2\/posts"}],"about":[{"href":"https:\/\/ikimisli.tr\/index.php\/wp-json\/wp\/v2\/types\/post"}],"author":[{"embeddable":true,"href":"https:\/\/ikimisli.tr\/index.php\/wp-json\/wp\/v2\/users\/1"}],"replies":[{"embeddable":true,"href":"https:\/\/ikimisli.tr\/index.php\/wp-json\/wp\/v2\/comments?post=17747"}],"version-history":[{"count":1,"href":"https:\/\/ikimisli.tr\/index.php\/wp-json\/wp\/v2\/posts\/17747\/revisions"}],"predecessor-version":[{"id":17749,"href":"https:\/\/ikimisli.tr\/index.php\/wp-json\/wp\/v2\/posts\/17747\/revisions\/17749"}],"wp:featuredmedia":[{"embeddable":true,"href":"https:\/\/ikimisli.tr\/index.php\/wp-json\/wp\/v2\/media\/17748"}],"wp:attachment":[{"href":"https:\/\/ikimisli.tr\/index.php\/wp-json\/wp\/v2\/media?parent=17747"}],"wp:term":[{"taxonomy":"category","embeddable":true,"href":"https:\/\/ikimisli.tr\/index.php\/wp-json\/wp\/v2\/categories?post=17747"},{"taxonomy":"post_tag","embeddable":true,"href":"https:\/\/ikimisli.tr\/index.php\/wp-json\/wp\/v2\/tags?post=17747"}],"curies":[{"name":"wp","href":"https:\/\/api.w.org\/{rel}","templated":true}]}}