{"id":17885,"date":"2025-03-07T01:00:07","date_gmt":"2025-03-07T01:00:07","guid":{"rendered":"https:\/\/ikimisli.tr\/?p=17885"},"modified":"2025-03-07T01:00:07","modified_gmt":"2025-03-07T01:00:07","slug":"banka-hesaplarina-20-ay-boyunca-para-yatacak-8-sarti-var","status":"publish","type":"post","link":"https:\/\/ikimisli.tr\/index.php\/2025\/03\/07\/banka-hesaplarina-20-ay-boyunca-para-yatacak-8-sarti-var\/","title":{"rendered":"Banka hesaplar\u0131na 20 ay boyunca para yatacak: 8 \u015fart\u0131 var"},"content":{"rendered":"<p>&#8220;E\u011fitimli \u00c7ocuk Bak\u0131c\u0131lar\u0131n\u0131n Te\u015fviki Yoluyla Kay\u0131tl\u0131 Bayan \u0130stihdam\u0131n\u0131n Desteklenmesi Projesi II&#8221; ismi verilen proje, T\u00fcrkiye ile AB i\u015fbirli\u011fiyle ger\u00e7ekle\u015ftirilecek. SGK taraf\u0131ndan y\u00fcr\u00fct\u00fclecek olan proje, 20 ay m\u00fchletince devam edecek ve \u0130stanbul, Ankara, \u0130zmir vilayetlerindeki 3 bin 500 anneden faydalanacak.<\/p>\n<p><b>DESTEK \u00d6L\u00c7\u00dcLER\u0130 ARTIRILDI<\/b><\/p>\n<p>Projeyle ayl\u0131k toplamda 15 milyon 295 bin 329 TL kaynak sa\u011flanacak. Sosyal G\u00fcvenlik Bakan\u0131 Vedat I\u015f\u0131khan, proje kapsam\u0131nda yap\u0131lacak \u00f6deme fiyatlar\u0131n\u0131 a\u00e7\u0131klad\u0131. Dayanak \u00f6l\u00e7\u00fcleri \u015fu bi\u00e7imde belirlendi:<\/p>\n<p><strong>Tam vakitli \u00e7al\u0131\u015fan annelere: <\/strong>18.926 TL (510 avro)<\/p>\n<p><strong>Bek\u00e2r yahut \u00f6zel gereksinimli \u00e7ocu\u011fu olan annelere:<\/strong> 20.779 TL (560 avro)<\/p>\n<p><strong>Yar\u0131 vakitli \u00e7al\u0131\u015fan annelere:<\/strong> 9.462 TL (255 avro)<\/p>\n<p><strong>Bek\u00e2r yahut \u00f6zel gereksinimli \u00e7ocu\u011fu olan yar\u0131 vakitli \u00e7al\u0131\u015fan annelere: <\/strong>11.317 TL (305 avro)<\/p>\n<p>\u00d6nceden bu dayanak fiyat\u0131 325 avro iken, yeni \u00f6deme \u00f6l\u00e7\u00fcleri art\u0131r\u0131ld\u0131.<\/p>\n<p><b>K\u0130MLER BA\u015eVURAB\u0130L\u0130R?\u00a0<\/b><\/p>\n<p><strong>Projeden faydalanmak i\u00e7in ba\u015fvurulmas\u0131 gereken kaideler:<\/strong><\/p>\n<p><strong>\u00c7ocuk Ya\u015f\u0131:<\/strong> M\u00fcracaat tarihi prestijiyle \u00e7ocu\u011fun 0-24 ayl\u0131k aral\u0131\u011f\u0131nda olmas\u0131.<\/p>\n<p><strong>\u0130kametgah: <\/strong>Ankara, \u0130stanbul yahut \u0130zmir\u2019de ikamet ediyor olmak.<\/p>\n<p><strong>\u00c7ocukla T\u0131pk\u0131 Meskende Ya\u015famak: <\/strong>\u00c7ocukla birlikte t\u0131pk\u0131 konutta hayat kural\u0131.<\/p>\n<p><strong>Bek\u00e2r Anne: <\/strong>\u00c7ocu\u011fun velayeti anneye ili\u015fkin olmal\u0131 ve birebir adreste ya\u015fanmal\u0131.<\/p>\n<p><strong>\u00c7al\u0131\u015fma Durumu:<\/strong> En ge\u00e7 kay\u0131t tarihi prestijiyle tam vakitli ya da yar\u0131 vakitli \u00e7al\u0131\u015f\u0131yor olmak (SGK kapsam\u0131ndaki 4\/a sigortal\u0131lar\u0131).<\/p>\n<p><strong>Bak\u0131c\u0131 \u0130stihdam\u0131: <\/strong>Tam vakitli \u00e7al\u0131\u015fanlar\u0131n, \u00e7ocuk bak\u0131c\u0131s\u0131n\u0131 sigortal\u0131 olarak istihdam etmesi gerekir.<\/p>\n<p><strong>Anal\u0131k M\u00fcsaadesi:<\/strong> Proje periyodu i\u00e7inde anal\u0131k m\u00fcsaadesinde olmamak.<\/p>\n<p><strong>Bak\u0131c\u0131n\u0131n Fiyat\u0131: <\/strong>Bak\u0131c\u0131n\u0131n fiyat\u0131 minimum fiyat d\u00fczeyinde olmal\u0131.<\/p>\n<p>Ba\u015fvurular\u0131n kabul edilebilmesi i\u00e7in bu kurallar\u0131n yerine getirilmesi gerekmektedir.<\/p>\n","protected":false},"excerpt":{"rendered":"<p>\u00c7al\u0131\u015fma ve Sosyal G\u00fcvenlik Bakan\u0131 Vedat I\u015f\u0131khan, \u00e7al\u0131\u015fan annelere y\u00f6nelik takviye paketini duyurdu. T\u00fcrkiye ve Avrupa Birli\u011fi&#8217;nin ortak finansman\u0131yla hayata ge\u00e7irilen projeyle, Ankara, \u0130stanbul ve \u0130zmir&#8217;deki \u00e7al\u0131\u015fan annelere 20 ay boyunca finansal dayanak sa\u011flanacak. Pekala, bu dayanak paketine kimler ba\u015fvurabilecek ve \u00f6demeler nas\u0131l yap\u0131lacak? \u0130\u015fte s\u00fcre\u00e7le ilgili t\u00fcm ayr\u0131nt\u0131lar&#8230;<\/p>\n","protected":false},"author":1,"featured_media":17886,"comment_status":"open","ping_status":"open","sticky":false,"template":"","format":"standard","meta":{"footnotes":""},"categories":[24],"tags":[3570,437,3569],"class_list":["post-17885","post","type-post","status-publish","format-standard","has-post-thumbnail","hentry","category-ekonomi","tag-avro","tag-proje","tag-zamanli"],"_links":{"self":[{"href":"https:\/\/ikimisli.tr\/index.php\/wp-json\/wp\/v2\/posts\/17885","targetHints":{"allow":["GET"]}}],"collection":[{"href":"https:\/\/ikimisli.tr\/index.php\/wp-json\/wp\/v2\/posts"}],"about":[{"href":"https:\/\/ikimisli.tr\/index.php\/wp-json\/wp\/v2\/types\/post"}],"author":[{"embeddable":true,"href":"https:\/\/ikimisli.tr\/index.php\/wp-json\/wp\/v2\/users\/1"}],"replies":[{"embeddable":true,"href":"https:\/\/ikimisli.tr\/index.php\/wp-json\/wp\/v2\/comments?post=17885"}],"version-history":[{"count":1,"href":"https:\/\/ikimisli.tr\/index.php\/wp-json\/wp\/v2\/posts\/17885\/revisions"}],"predecessor-version":[{"id":17887,"href":"https:\/\/ikimisli.tr\/index.php\/wp-json\/wp\/v2\/posts\/17885\/revisions\/17887"}],"wp:featuredmedia":[{"embeddable":true,"href":"https:\/\/ikimisli.tr\/index.php\/wp-json\/wp\/v2\/media\/17886"}],"wp:attachment":[{"href":"https:\/\/ikimisli.tr\/index.php\/wp-json\/wp\/v2\/media?parent=17885"}],"wp:term":[{"taxonomy":"category","embeddable":true,"href":"https:\/\/ikimisli.tr\/index.php\/wp-json\/wp\/v2\/categories?post=17885"},{"taxonomy":"post_tag","embeddable":true,"href":"https:\/\/ikimisli.tr\/index.php\/wp-json\/wp\/v2\/tags?post=17885"}],"curies":[{"name":"wp","href":"https:\/\/api.w.org\/{rel}","templated":true}]}}