{"id":17937,"date":"2025-03-07T04:00:08","date_gmt":"2025-03-07T04:00:08","guid":{"rendered":"https:\/\/ikimisli.tr\/?p=17937"},"modified":"2025-03-07T04:00:08","modified_gmt":"2025-03-07T04:00:08","slug":"ev-sahiplerine-kotu-haber-bu-parayi-kiracilar-degil-ev-sahipleri-odeyecek","status":"publish","type":"post","link":"https:\/\/ikimisli.tr\/index.php\/2025\/03\/07\/ev-sahiplerine-kotu-haber-bu-parayi-kiracilar-degil-ev-sahipleri-odeyecek\/","title":{"rendered":"Ev sahiplerine k\u00f6t\u00fc haber: Bu paray\u0131 kirac\u0131lar de\u011fil ev sahipleri \u00f6deyecek"},"content":{"rendered":"<p><b>Aidat Uyu\u015fmazl\u0131klar\u0131na Yasal \u00c7\u00f6z\u00fcm<\/b><\/p>\n<p>Kirac\u0131lar\u0131 y\u00fcksek aidat y\u00fck\u00fcnden kurtaracak yeni d\u00fczenleme, konut sahibi ve kirac\u0131 ortas\u0131ndaki dengeyi tekrar tan\u0131ml\u0131yor. Art\u0131k aidat \u00f6demeleri konusunda daha \u015feffaf ve adil bir s\u00fcre\u00e7 i\u015fletilecek. Hukuk uzmanlar\u0131, bu de\u011fi\u015fikli\u011fin gayrimenkul dal\u0131nda uzun m\u00fcddettir devam eden tart\u0131\u015fmalar\u0131 sonland\u0131raca\u011f\u0131n\u0131 belirtiyor.<\/p>\n<p><b>Aidat Art\u0131\u015flar\u0131na \u015eeffafl\u0131k Geliyor<\/b><\/p>\n<p>Yeni d\u00fczenleme ile aidat art\u0131\u015flar\u0131 keyfi olarak yap\u0131lamayacak. Aidat oranlar\u0131, sadece kat malikleri genel heyetinde onaylanan b\u00fct\u00e7elerle belirlenebilecek. Gayrimenkul Hukuku Derne\u011fi Ba\u015fkan\u0131 Ali G\u00fcven\u00e7 Kiraz, y\u00f6neticilerin bu kurallara uymamas\u0131 durumunda hem kat maliklerinin hem de kirac\u0131lar\u0131n itiraz hakk\u0131 bulundu\u011funu tabir ediyor. Bu ad\u0131m, aidatlar\u0131n daha denetlenebilir ve \u015feffaf bir halde belirlenmesini sa\u011flayacak.<\/p>\n<p><b>Kirac\u0131lar\u0131n \u00d6deyece\u011fi Aidat Art\u0131k S\u0131n\u0131rl\u0131<\/b><\/p>\n<p>Kirac\u0131lar i\u00e7in en k\u0131ymetli yeniliklerden biri, aidat y\u00fck\u00fcml\u00fcl\u00fcklerinin kira bedeliyle hudutlu tutulmas\u0131 oldu. Yeni yasaya nazaran, kirac\u0131lar sadece kira bedelini a\u015fmayan aidat mebla\u011flar\u0131ndan sorumlu olacak. \u00d6rne\u011fin, 15.000 TL kira \u00f6deyen bir kirac\u0131, aidat\u0131n 20.000 TL\u2019ye y\u00fckseltilmesi durumunda s\u0131rf 15.000 TL\u2019sini \u00f6deyecek, kalan 5.000 TL ise konut sahibi taraf\u0131ndan kar\u015f\u0131lanacak. Bu d\u00fczenleme, bilhassa l\u00fcks sitelerde y\u00fcksek aidatlarla kar\u015f\u0131la\u015fan kirac\u0131lar i\u00e7in b\u00fcy\u00fck bir rahatlama manas\u0131na geliyor.<\/p>\n<p><img decoding=\"async\" src=\"https:\/\/ikimisli.tr\/wp-content\/uploads\/2025\/03\/ev-sahiplerine-kotu-haber-bu-parayi-kiracilar-degil-ev-sahipleri-odeyecek-0-OJNyRvil.jpg\"\/><\/p>\n<p><b>Ev Sahiplerine Daha Fazla Sorumluluk<\/b><\/p>\n<p>Kirac\u0131lar sadece kullan\u0131m kaynakl\u0131 masraflardan sorumlu tutulurken, b\u00fcy\u00fck demirba\u015f masraflar\u0131 konut sahiplerine devrediliyor. Asans\u00f6r yenileme, mantolama, g\u00fc\u00e7lendirme \u00e7al\u0131\u015fmalar\u0131 ve personel k\u0131dem tazminat\u0131 \u00fczere masraflar art\u0131k mesken sahipleri taraf\u0131ndan \u00f6denecek. Yarg\u0131tay\u2019\u0131n bu bahiste ald\u0131\u011f\u0131 kararlara nazaran, bu \u00e7e\u015fit masraflar\u0131n kirac\u0131lara yans\u0131t\u0131lmas\u0131 hukuka muhalif kabul ediliyor.<\/p>\n<p><b>Hukuki Hak Arama \u0130mkan\u0131<\/b><\/p>\n<p>Kirac\u0131lar\u0131n aidat art\u0131\u015flar\u0131na yahut hukuka al\u0131\u015f\u0131lmam\u0131\u015f masraf taleplerine kar\u015f\u0131 dava a\u00e7ma hakk\u0131 bulunuyor. Yasal d\u00fczenlemeye nazaran, bu \u00e7e\u015fit durumlara itiraz etmek isteyen kirac\u0131lar, bir ay i\u00e7inde dava a\u00e7arak haklar\u0131n\u0131 arayabilecek. Ayr\u0131yeten kira mukavelelerine eklenen \u201ct\u00fcm aidat ve masraflar kirac\u0131ya aittir\u201d \u00fczere unsurlar de ge\u00e7ersiz say\u0131lacak. Bu durum, kirac\u0131lar\u0131n haklar\u0131n\u0131 daha faal bir formda savunabilmesini sa\u011flayacak.<\/p>\n<p>Yeni d\u00fczenleme, kirac\u0131lar\u0131 y\u00fcksek aidat y\u00fck\u00fcnden kurtar\u0131rken, konut sahiplerini daha sorumlu bir duruma getiriyor. Aidat \u00f6demelerinde adalet sa\u011flayan bu de\u011fi\u015fiklik, hem kirac\u0131lar hem de mesken sahipleri i\u00e7in de\u011ferli bir d\u00f6n\u00fcm noktas\u0131 olacak.<\/p>\n","protected":false},"excerpt":{"rendered":"<p>Gayrimenkul dal\u0131nda kirac\u0131lar\u0131 sevindirecek de\u011ferli bir d\u00fczenleme y\u00fcr\u00fcrl\u00fc\u011fe girdi. Yeni yasal d\u00fczenleme ile kira bedelini a\u015fan aidat fiyatlar\u0131 art\u0131k konut sahipleri taraf\u0131ndan kar\u015f\u0131lanacak. \u0130\u015fte, kirac\u0131lar\u0131n elini rahatlatan bu kritik de\u011fi\u015fikli\u011fin detaylar\u0131&#8230;<\/p>\n","protected":false},"author":1,"featured_media":17938,"comment_status":"open","ping_status":"open","sticky":false,"template":"","format":"standard","meta":{"footnotes":""},"categories":[24],"tags":[495,228,438,1277,3578],"class_list":["post-17937","post","type-post","status-publish","format-standard","has-post-thumbnail","hentry","category-ekonomi","tag-aidat","tag-hak","tag-kira","tag-kiraci","tag-kiracilari"],"_links":{"self":[{"href":"https:\/\/ikimisli.tr\/index.php\/wp-json\/wp\/v2\/posts\/17937","targetHints":{"allow":["GET"]}}],"collection":[{"href":"https:\/\/ikimisli.tr\/index.php\/wp-json\/wp\/v2\/posts"}],"about":[{"href":"https:\/\/ikimisli.tr\/index.php\/wp-json\/wp\/v2\/types\/post"}],"author":[{"embeddable":true,"href":"https:\/\/ikimisli.tr\/index.php\/wp-json\/wp\/v2\/users\/1"}],"replies":[{"embeddable":true,"href":"https:\/\/ikimisli.tr\/index.php\/wp-json\/wp\/v2\/comments?post=17937"}],"version-history":[{"count":1,"href":"https:\/\/ikimisli.tr\/index.php\/wp-json\/wp\/v2\/posts\/17937\/revisions"}],"predecessor-version":[{"id":17940,"href":"https:\/\/ikimisli.tr\/index.php\/wp-json\/wp\/v2\/posts\/17937\/revisions\/17940"}],"wp:featuredmedia":[{"embeddable":true,"href":"https:\/\/ikimisli.tr\/index.php\/wp-json\/wp\/v2\/media\/17938"}],"wp:attachment":[{"href":"https:\/\/ikimisli.tr\/index.php\/wp-json\/wp\/v2\/media?parent=17937"}],"wp:term":[{"taxonomy":"category","embeddable":true,"href":"https:\/\/ikimisli.tr\/index.php\/wp-json\/wp\/v2\/categories?post=17937"},{"taxonomy":"post_tag","embeddable":true,"href":"https:\/\/ikimisli.tr\/index.php\/wp-json\/wp\/v2\/tags?post=17937"}],"curies":[{"name":"wp","href":"https:\/\/api.w.org\/{rel}","templated":true}]}}