{"id":18034,"date":"2025-03-07T09:48:06","date_gmt":"2025-03-07T09:48:06","guid":{"rendered":"https:\/\/ikimisli.tr\/?p=18034"},"modified":"2025-03-07T09:48:06","modified_gmt":"2025-03-07T09:48:06","slug":"trump-davostan-seslendi-savasi-bitirmeye-haziriz","status":"publish","type":"post","link":"https:\/\/ikimisli.tr\/index.php\/2025\/03\/07\/trump-davostan-seslendi-savasi-bitirmeye-haziriz\/","title":{"rendered":"Trump, Davos&#8217;tan seslendi: &#8216;Sava\u015f\u0131 bitirmeye haz\u0131r\u0131z&#8217;"},"content":{"rendered":"<p>Davos&#8217;taki D\u00fcnya Ekonomik Forumu&#8217;nda konu\u015fan ABD Ba\u015fkan\u0131 Donald Trump, Ukrayna&#8217;daki sava\u015f\u0131 sona erdirmek i\u00e7in Rusya Devlet Ba\u015fkan\u0131 Vladimir Putin ile g\u00f6r\u00fc\u015fme yapmak istedi\u011fini\u00a0 duyurdu.<\/p>\n<p>Trump, sava\u015f\u0131n sona erdirilmesini d\u0131\u015f siyasetindeki \u00f6nceliklerinden biri olarak tan\u0131mlad\u0131 ve alt\u0131 ay i\u00e7inde bir muahede yapmay\u0131 hedefledi\u011fini belirtti. Daha evvel &#8220;ilk g\u00fcnden&#8221; bar\u0131\u015f\u0131 sa\u011flayaca\u011f\u0131 kelam\u0131n\u0131 veren Trump, s\u00fcrecin nihayet ba\u015flad\u0131\u011f\u0131n\u0131 s\u00f6yledi.<\/p>\n<p>Trump, &#8220;Rusya ve Ukrayna ortas\u0131nda bir bar\u0131\u015f muahedesi i\u00e7in s\u00fcre\u00e7, nihayet ba\u015fl\u0131yor. Bu sorunu \u00e7\u00f6zmek o kadar de\u011ferli ki. Milyonlarca asker \u00f6l\u00fcyor, milyonlarca Rus ve milyonlarca Ukraynal\u0131. Bu sona ermeli,&#8221; dedi.<\/p>\n<p><b>KONU\u015eMAYA HAZIR<\/b><\/p>\n<p>Davos&#8217;taki i\u015ftirak\u00e7ilere yapt\u0131\u011f\u0131 konu\u015fmas\u0131nda Trump, Ukrayna&#8217;n\u0131n Rusya&#8217;yla bir muahede yapmak istedi\u011fini belirterek, Rusya\u2019n\u0131n m\u00fczakere masas\u0131na oturmas\u0131 gerekti\u011fini vurgulad\u0131.<\/p>\n<p>\u00c7ar\u015famba g\u00fcn\u00fc Trump, Rusya&#8217;n\u0131n bar\u0131\u015f m\u00fczakerelerine yana\u015fmamas\u0131 durumunda, yeni yapt\u0131r\u0131mlar ve tarifeler uygulayaca\u011f\u0131n\u0131 s\u00f6yledi.<\/p>\n<p>Bu, Trump\u2019\u0131n ge\u00e7mi\u015fteki telaffuzlar\u0131na k\u0131yasla daha sert bir tav\u0131r oldu. Fakat, ABD ve Rusya ortas\u0131ndaki ticaret asl\u0131nda sonlu oldu\u011fu i\u00e7in bu tehdidin ekonomik tesirinin ne olaca\u011f\u0131 bilinmeyen.<\/p>\n<p><b>&#8216;B\u00d6YLE KONU\u015eMAYI SEV\u0130YOR&#8217;<\/b><\/p>\n<p>Trump&#8217;\u0131n konu\u015fmas\u0131ndan saatler evvel, Kremlin S\u00f6zc\u00fcs\u00fc Dmitry Peskov, Trump\u2019\u0131n tekliflerinde yeni bir \u00f6ge g\u00f6rmediklerini s\u00f6yledi.<\/p>\n<p>Ancak\u00a0 Peskov, Putin\u2019in &#8220;e\u015fit ve kar\u015f\u0131l\u0131kl\u0131 h\u00fcrmete dayal\u0131 bir diyaloga&#8221; haz\u0131r oldu\u011funu s\u00f6z etti. Kremlin s\u00f6zc\u00fcs\u00fc, Trump\u2019\u0131n s\u00f6zleri hakk\u0131nda &#8220;Bu \u00e7e\u015fit diplomasi form\u00fcllerini seviyor, en az\u0131ndan birinci ba\u015fkanl\u0131k devrinde sevmi\u015fti,&#8221; dedi.<\/p>\n<p>Trump, ba\u015fkanl\u0131\u011f\u0131 s\u0131ras\u0131nda Ukrayna&#8217;y\u0131 bar\u0131\u015f yapmaya tekraren \u00e7a\u011f\u0131rm\u0131\u015f olsa da, bir mutabakat sa\u011flanamamas\u0131n\u0131n y\u00fck\u00fcn\u00fc b\u00fcy\u00fck \u00f6l\u00e7\u00fcde Rusya\u2019ya y\u00fckl\u00fcyor.<\/p>\n<p><b>\u00c7\u0130N&#8217;\u0130 MASAYA K\u0130M GET\u0130RD\u0130?<\/b><\/p>\n<p>Ge\u00e7ti\u011fimiz hafta \u00c7in Devlet Ba\u015fkan\u0131 \u015ei Cinping ile yapt\u0131\u011f\u0131 bir telefon g\u00f6r\u00fc\u015fmesinde de Rusya-Ukrayna sava\u015f\u0131n\u0131 g\u00fcndeme getirdi\u011fini s\u00f6yledi.<\/p>\n<p>\u00c7in h\u00fck\u00fcmeti, g\u00f6r\u00fc\u015fmenin Trump\u2019\u0131n talebi \u00fczerine ger\u00e7ekle\u015fti\u011fini tez etse de, Trump &#8220;o beni arad\u0131,&#8221; diyerek bu iddiay\u0131 reddetti.<\/p>\n<p>Trump, \u00c7in\u2019in Putin \u00fczerindeki tesirini kullanarak sava\u015f\u0131 durdurmaya yard\u0131mc\u0131 olmas\u0131n\u0131 umdu\u011funu belirtti.<\/p>\n<p>\u00a0<\/p>\n","protected":false},"excerpt":{"rendered":"<p>Davos&#8217;taki D\u00fcnya Ekonomik Forumu&#8217;nda konu\u015fan eski ABD Ba\u015fkan\u0131 Donald Trump, Ukrayna\u2019daki sava\u015f\u0131 sona erdirmek i\u00e7in Rusya Devlet Ba\u015fkan\u0131 Vladimir Putin ile bir g\u00f6r\u00fc\u015fme yapmak istedi\u011fini duyurdu. Trump, sava\u015f\u0131n bitirilmesini d\u0131\u015f siyasetteki \u00f6nceliklerinden biri olarak tan\u0131mlayarak alt\u0131 ay i\u00e7inde bir tahlil hedefledi\u011fini belirtti.<\/p>\n","protected":false},"author":1,"featured_media":18035,"comment_status":"open","ping_status":"open","sticky":false,"template":"","format":"standard","meta":{"footnotes":""},"categories":[43],"tags":[566,131,201],"class_list":["post-18034","post","type-post","status-publish","format-standard","has-post-thumbnail","hentry","category-dunya","tag-rusya","tag-trump","tag-ukrayna"],"_links":{"self":[{"href":"https:\/\/ikimisli.tr\/index.php\/wp-json\/wp\/v2\/posts\/18034","targetHints":{"allow":["GET"]}}],"collection":[{"href":"https:\/\/ikimisli.tr\/index.php\/wp-json\/wp\/v2\/posts"}],"about":[{"href":"https:\/\/ikimisli.tr\/index.php\/wp-json\/wp\/v2\/types\/post"}],"author":[{"embeddable":true,"href":"https:\/\/ikimisli.tr\/index.php\/wp-json\/wp\/v2\/users\/1"}],"replies":[{"embeddable":true,"href":"https:\/\/ikimisli.tr\/index.php\/wp-json\/wp\/v2\/comments?post=18034"}],"version-history":[{"count":1,"href":"https:\/\/ikimisli.tr\/index.php\/wp-json\/wp\/v2\/posts\/18034\/revisions"}],"predecessor-version":[{"id":18036,"href":"https:\/\/ikimisli.tr\/index.php\/wp-json\/wp\/v2\/posts\/18034\/revisions\/18036"}],"wp:featuredmedia":[{"embeddable":true,"href":"https:\/\/ikimisli.tr\/index.php\/wp-json\/wp\/v2\/media\/18035"}],"wp:attachment":[{"href":"https:\/\/ikimisli.tr\/index.php\/wp-json\/wp\/v2\/media?parent=18034"}],"wp:term":[{"taxonomy":"category","embeddable":true,"href":"https:\/\/ikimisli.tr\/index.php\/wp-json\/wp\/v2\/categories?post=18034"},{"taxonomy":"post_tag","embeddable":true,"href":"https:\/\/ikimisli.tr\/index.php\/wp-json\/wp\/v2\/tags?post=18034"}],"curies":[{"name":"wp","href":"https:\/\/api.w.org\/{rel}","templated":true}]}}