{"id":18255,"date":"2025-03-07T22:36:18","date_gmt":"2025-03-07T22:36:18","guid":{"rendered":"https:\/\/ikimisli.tr\/?p=18255"},"modified":"2025-03-07T22:36:18","modified_gmt":"2025-03-07T22:36:18","slug":"almanyada-krese-giden-cocuklara-bicakli-saldiri-biri-bebek-2-kisi-yasamini-yitirdi","status":"publish","type":"post","link":"https:\/\/ikimisli.tr\/index.php\/2025\/03\/07\/almanyada-krese-giden-cocuklara-bicakli-saldiri-biri-bebek-2-kisi-yasamini-yitirdi\/","title":{"rendered":"Almanya&#8217;da kre\u015fe giden \u00e7ocuklara b\u0131\u00e7akl\u0131 sald\u0131r\u0131:  Biri bebek 2 ki\u015fi ya\u015fam\u0131n\u0131 yitirdi"},"content":{"rendered":"<p>Almanya Aschaffenburg Kenti\u2019nde, \u00c7ar\u015famba g\u00fcn\u00fc, e\u011fitmenleri ile gezmeye \u00e7\u0131kan kre\u015f \u00e7ocuklar\u0131na sald\u0131ran 28 ya\u015f\u0131ndaki Enamullah O., \u015fimdi 2 ya\u015f\u0131ndaki Yannis\u2019i ve onu korumak isteyen 41 ya\u015f\u0131ndaki bir ki\u015fiyi \u00f6ld\u00fcrd\u00fc.<\/p>\n<p>Sch\u00f6ntal isimli parka girerken \u00e7ocuklar\u0131 takip etmeye ba\u015flayan Enamullah O&#8217;nun bir parkta oturup \u00e7ocuklar\u0131 g\u00f6zledi\u011fi dikkat \u00e7ekti. Bunun \u00fczerine e\u011fitmenler, \u00e7ocuk k\u00fcmesini oradan uzakla\u015ft\u0131rd\u0131. S\u00fcratle \u00e7ocuklar\u0131n yan\u0131na gelen Enamullah \u00d6. b\u0131\u00e7akl\u0131 ak\u0131n ger\u00e7ekle\u015ftirdi.\u00a0<\/p>\n<p>Sald\u0131rgan\u0131 durdurmak isteyen iki ya\u015f\u0131ndaki Yannis, Enamullah \u00d6.&#8217;n\u00fcn kurban\u0131 oldu.\u00a0<\/p>\n<p><b>YANN\u0130S,&#8221;POL\u0130S OLACA\u011eIM&#8221; D\u0130YORDU<\/b><\/p>\n<p>Sald\u0131rgan Afgan, ayr\u0131yeten iki ya\u015f\u0131ndaki di\u011fer bir k\u0131z \u00e7ocu\u011fu ile bir e\u011fitmeni ve yoldan ge\u00e7en bir ki\u015fiyi daha yaralad\u0131.<\/p>\n<p>Katil Enamullah, olaydan k\u0131sa m\u00fcddet sonra yakaland\u0131. Fasl\u0131 bir ailenin \u00e7ocu\u011fu olan Yannis\u2019in mevti ile sonu\u00e7lanan fec\u00ee olay, Almanya\u2019y\u0131 yasa bo\u011fdu. Herkes, &#8220;B\u00fcy\u00fcy\u00fcnce polis olma hayali kuran&#8221; Yannis i\u00e7in yas tutarken, o\u011flunu kaybeden anneyi teskin etmek m\u00fcmk\u00fcn olmad\u0131.<\/p>\n<p>4 ya\u015f\u0131ndaki \u00f6b\u00fcr o\u011flu ile saat 12.00\u2019de Yannis\u2019i almaya gelen anneye, s\u0131hhat grubu e\u015fli\u011finde o\u011flunun \u00f6ld\u00fcr\u00fcld\u00fc\u011f\u00fc haberi verildi.<\/p>\n<p><img decoding=\"async\" src=\"https:\/\/ikimisli.tr\/wp-content\/uploads\/2025\/03\/almanyada-krese-giden-cocuklara-bicakli-saldiri-biri-bebek-2-kisi-yasamini-yitirdi-0-tHVYkIJS.png\"\/><\/p>\n<p>\u00a0<\/p>\n<p><img decoding=\"async\" src=\"https:\/\/ikimisli.tr\/wp-content\/uploads\/2025\/03\/almanyada-krese-giden-cocuklara-bicakli-saldiri-biri-bebek-2-kisi-yasamini-yitirdi-1-nsJTQQ1x.png\"\/><\/p>\n<p><em><strong>B\u0131\u00e7akl\u0131 katil Enamullah O., tutukland\u0131, psikiyatri klini\u011fe kapat\u0131lmas\u0131 bekleniyor<\/strong><\/em><\/p>\n<p><b>T\u00dcRK\u0130YE \u00dcZER\u0130NDEN M\u0130 GELD\u0130?<\/b><\/p>\n<p>Enamullah O.&#8217;nun 19 Kas\u0131m 2022 tarihinde Almanya\u2019ya iltica etmek i\u00e7in girdi\u011fi belirtildi. Alman G\u00f6\u00e7 ve M\u00fclteciler Dairesi, m\u00fcracaat s\u0131ras\u0131nda parmak izinin al\u0131nd\u0131\u011f\u0131n\u0131, daha evvel Bulgaristan, Avusturya ve Fransa\u2019da da parmak izinin al\u0131nm\u0131\u015f oldu\u011funun g\u00f6r\u00fcld\u00fc\u011f\u00fcn\u00fc duyurdu.\u00a0 Birinci girdi\u011fi AB \u00fcyesi \u00fclkenin Bulgaristan olmas\u0131 T\u00fcrkiye \u00fczerinden ka\u00e7ak yollarla giri\u015f yapt\u0131\u011f\u0131 ihtimalini g\u00fc\u00e7lendirdi.\u00a0<\/p>\n<p>Dublin Muahedesi gere\u011fi Bulgaristan&#8217;la temasa ge\u00e7ilirken Bulgaristan iadeyi kabul etti. Katil Enamullah O. ise Almanya&#8217;da kalmak i\u00e7in yine iltica talebinde bulundu. Enamullah O. i\u00e7in\u00a019 Haziran\u2019da hudut d\u0131\u015f\u0131 karar\u0131 kat\u0131la\u015ft\u0131. Bavyera \u0130\u00e7i\u015fleri Bakanl\u0131\u011f\u0131\u2019na durum bildirildi.<\/p>\n<p><b>SINIR DI\u015eI KARARI \u00c7IKTI LAK\u0130N&#8230;<\/b><\/p>\n<p>S\u0131n\u0131r d\u0131\u015f\u0131n\u0131n zamana\u015f\u0131m\u0131na 9 g\u00fcn kala Bavyera&#8217;n\u0131n tertibini yeti\u015ftiremedi. Katil Enamullah O.&#8217;n\u0131n hudut d\u0131\u015f\u0131 s\u00fcreci 8 Ocak&#8217;ta tamamlansa da hayata ge\u00e7irilemedi.\u00a0 \u00dclkeyi istekli olarak terk edece\u011fini s\u00f6yleyen Enamullah O. 2 ya\u015f\u0131ndaki Yannis ve sald\u0131rgan\u0131 engellemek isteyen bir ki\u015fi katletti,\u00a02 ya\u015f\u0131ndaki k\u0131z olmak \u00fczere 4 ki\u015fiyi yaralad\u0131.<\/p>\n<p><img decoding=\"async\" src=\"https:\/\/ikimisli.tr\/wp-content\/uploads\/2025\/03\/almanyada-krese-giden-cocuklara-bicakli-saldiri-biri-bebek-2-kisi-yasamini-yitirdi-2-ERKAlMLa.png\"\/><\/p>\n<p><em><strong>Sald\u0131r\u0131n\u0131n ger\u00e7ekle\u015fti\u011fi parkta, g\u00fcnlerdir kurbanlar an\u0131l\u0131yor<\/strong><\/em><\/p>\n<p><b>BA\u015eBAKAN ADAYLARI NE D\u0130YOR?<\/b><\/p>\n<p>Korkun\u00e7 h\u00fccum, yaln\u0131zca Alman halk\u0131n\u0131 de\u011fil, siyaseti de sarst\u0131. 23 \u015eubat se\u00e7imlerinden birinci parti \u00e7\u0131kmas\u0131 beklenen CDU\u2019nun lideri Friedrich Merz, Bild Gazetesi\u2019ne verdi\u011fi deme\u00e7te, \u201cG\u00f6revimin birinci g\u00fcn\u00fcnde, Federal \u0130\u00e7i\u015fleri Bakanl\u0131\u011f\u0131&#8217;na, t\u00fcm kom\u015fular\u0131m\u0131zla olan Almanya hudutlar\u0131n\u0131 kal\u0131c\u0131 olarak denetim etmesi ve istisnas\u0131z her t\u00fcrl\u00fc yasa d\u0131\u015f\u0131 giri\u015f te\u015febb\u00fcs\u00fcn\u00fc engellemesi talimat\u0131n\u0131 verece\u011fim\u201d dedi.<\/p>\n<p><img decoding=\"async\" src=\"https:\/\/ikimisli.tr\/wp-content\/uploads\/2025\/03\/almanyada-krese-giden-cocuklara-bicakli-saldiri-biri-bebek-2-kisi-yasamini-yitirdi-3-U5lOKCXY.png\"\/><\/p>\n<p><em><strong>Almanya g\u00f6zya\u015f\u0131 d\u00f6k\u00fcyor<\/strong><\/em><\/p>\n<p>A\u015f\u0131r\u0131 sa\u011fc\u0131 AfD\u2019nin lideri Alice Weidel, yasa d\u0131\u015f\u0131 g\u00f6\u00e7e kar\u015f\u0131 t\u00fcm sonlar\u0131 garanti alt\u0131na alaca\u011f\u0131n\u0131, AB s\u0131\u011f\u0131nma sisteminden Almanya\u2019y\u0131 \u00e7\u0131karaca\u011f\u0131n\u0131 ve BM M\u00fclteci Anla\u015fmas\u0131\u2019ndan ayr\u0131laca\u011f\u0131n\u0131 planlad\u0131\u011f\u0131n\u0131 s\u00f6yledi. SPD\u2019nin ba\u015fbakan aday\u0131 Olaf Scholz, Alman sonlar\u0131nda denetimlerin s\u00fcrmesi gerekti\u011fini belirtti ve daha fazla hudut d\u0131\u015f\u0131 merkezi yap\u0131laca\u011f\u0131n\u0131 vurgulad\u0131. Ye\u015filler\u2019in ba\u015fbakan aday\u0131 Robert Habeck ise, \u201cS\u0131n\u0131r d\u0131\u015f\u0131 s\u00fcre\u00e7lerinin h\u0131zland\u0131r\u0131laca\u011f\u0131, ilticas\u0131 reddedilenlerin iadesini birinci \u00f6ncelik haline getirece\u011fini\u201d s\u00f6yledi.<\/p>\n<p>\u00a0<\/p>\n<p>\u00a0<\/p>\n<p>\u00a0<\/p>\n","protected":false},"excerpt":{"rendered":"<p>Almanya\u2019ya ka\u00e7ak giren ve ilticas\u0131 reddedildi\u011fi halde, bir t\u00fcrl\u00fc hudut d\u0131\u015f\u0131 edilemeyen Enamullah O. (28) isimli Afgan, kre\u015fe giden \u00e7ocuklara b\u0131\u00e7akla sald\u0131rd\u0131. 2 ya\u015f\u0131ndaki Yannis, arkada\u015flar\u0131n\u0131 korumak i\u00e7in k\u00fc\u00e7\u00fck elleriyle direndi ve b\u0131\u00e7aklanarak \u00f6ld\u00fcr\u00fcld\u00fc. 41 ya\u015f\u0131ndaki bir erkek, \u00e7ocuklar\u0131 korumak isterken katilin kurban\u0131 oldu. 2 ya\u015f\u0131ndaki bir k\u0131z \u00e7ocu\u011fu, bir e\u011fitmen yaraland\u0131. Almanya a\u011fl\u0131yor&#8230;<\/p>\n","protected":false},"author":1,"featured_media":18256,"comment_status":"open","ping_status":"open","sticky":false,"template":"","format":"standard","meta":{"footnotes":""},"categories":[43],"tags":[415,675,3633,3632],"class_list":["post-18255","post","type-post","status-publish","format-standard","has-post-thumbnail","hentry","category-dunya","tag-almanya","tag-cocuk","tag-sinir-disi","tag-yannis"],"_links":{"self":[{"href":"https:\/\/ikimisli.tr\/index.php\/wp-json\/wp\/v2\/posts\/18255","targetHints":{"allow":["GET"]}}],"collection":[{"href":"https:\/\/ikimisli.tr\/index.php\/wp-json\/wp\/v2\/posts"}],"about":[{"href":"https:\/\/ikimisli.tr\/index.php\/wp-json\/wp\/v2\/types\/post"}],"author":[{"embeddable":true,"href":"https:\/\/ikimisli.tr\/index.php\/wp-json\/wp\/v2\/users\/1"}],"replies":[{"embeddable":true,"href":"https:\/\/ikimisli.tr\/index.php\/wp-json\/wp\/v2\/comments?post=18255"}],"version-history":[{"count":1,"href":"https:\/\/ikimisli.tr\/index.php\/wp-json\/wp\/v2\/posts\/18255\/revisions"}],"predecessor-version":[{"id":18261,"href":"https:\/\/ikimisli.tr\/index.php\/wp-json\/wp\/v2\/posts\/18255\/revisions\/18261"}],"wp:featuredmedia":[{"embeddable":true,"href":"https:\/\/ikimisli.tr\/index.php\/wp-json\/wp\/v2\/media\/18256"}],"wp:attachment":[{"href":"https:\/\/ikimisli.tr\/index.php\/wp-json\/wp\/v2\/media?parent=18255"}],"wp:term":[{"taxonomy":"category","embeddable":true,"href":"https:\/\/ikimisli.tr\/index.php\/wp-json\/wp\/v2\/categories?post=18255"},{"taxonomy":"post_tag","embeddable":true,"href":"https:\/\/ikimisli.tr\/index.php\/wp-json\/wp\/v2\/tags?post=18255"}],"curies":[{"name":"wp","href":"https:\/\/api.w.org\/{rel}","templated":true}]}}