{"id":18368,"date":"2025-03-08T04:36:10","date_gmt":"2025-03-08T04:36:10","guid":{"rendered":"https:\/\/ikimisli.tr\/?p=18368"},"modified":"2025-03-08T04:36:10","modified_gmt":"2025-03-08T04:36:10","slug":"iki-genc-kadinin-ekip-aracinin-onunde-yaptiklari-polisin-basini-yakti","status":"publish","type":"post","link":"https:\/\/ikimisli.tr\/index.php\/2025\/03\/08\/iki-genc-kadinin-ekip-aracinin-onunde-yaptiklari-polisin-basini-yakti\/","title":{"rendered":"\u0130ki gen\u00e7 kad\u0131n\u0131n ekip arac\u0131n\u0131n \u00f6n\u00fcnde yapt\u0131klar\u0131 polisin ba\u015f\u0131n\u0131 yakt\u0131"},"content":{"rendered":"<p>\u0130stanbul&#8217;un Pendik il\u00e7esi Kavakp\u0131nar Mahallesi&#8217;nde enteresan bir olay ya\u015fand\u0131.\u00a0<\/p>\n<p>Kimli\u011fi me\u00e7hul iki gen\u00e7 bayan, sabaha kar\u015f\u0131 kendilerini bir arac\u0131n takip etti\u011fini tez ederek, polisten yard\u0131m istedi.\u00a0<\/p>\n<p>Daha sonra iki gen\u00e7 bayan polis arac\u0131n\u0131n \u00f6n\u00fcne ge\u00e7erek, s\u0131rayla foto\u011fraf \u00e7ektirdi. Olay yerinden polis arac\u0131yla ayr\u0131lan bayanlar\u0131 g\u00f6ren vatanda\u015f cep telefonuyla o anlar\u0131 kaydetti.\u00a0<\/p>\n<p>Konuyla ilgili \u0130stanbul Vilayet Emniyet M\u00fcd\u00fcrl\u00fc\u011f\u00fc&#8217;nden a\u00e7\u0131klama geldi.\u00a0<\/p>\n<p><img decoding=\"async\" src=\"https:\/\/ikimisli.tr\/wp-content\/uploads\/2025\/03\/iki-genc-kadinin-ekip-aracinin-onunde-yaptiklari-polisin-basini-yakti-0-muDRD47e.jpg\"\/><\/p>\n<p><b>&#8216;G\u00d6REVDEN UZAKLA\u015eTIRILDI&#8217;<\/b><\/p>\n<p>Arac\u0131 kullanan polis memurunun misyondan uzakla\u015ft\u0131r\u0131ld\u0131\u011f\u0131 belirtilen metinde \u015fu tabirlere yer verildi:<\/p>\n<p>22.01.2025 tarihinde saat 04.40 s\u0131ralar\u0131nda toplumsal medyada payla\u015f\u0131lan resmi polis arac\u0131n\u0131n \u00f6n\u00fcnde iki bayan \u015fahs\u0131n foto\u011fraf \u00e7ektirdi\u011fi ard\u0131ndan tak\u0131m otosuna bindi\u011fi imajlar ile ilgili olarak \u0130stanbul Emniyet M\u00fcd\u00fcrl\u00fc\u011f\u00fc g\u00f6revlilerince manzaralarda yer alan olayla ilgili inceleme ba\u015flat\u0131lm\u0131\u015ft\u0131r.<\/p>\n<p><img decoding=\"async\" src=\"https:\/\/ikimisli.tr\/wp-content\/uploads\/2025\/03\/iki-genc-kadinin-ekip-aracinin-onunde-yaptiklari-polisin-basini-yakti-1-K9tvprIn.jpg\"\/><\/p>\n<p><b>&#8216;KADINLAR KORKMU\u015e, KONUTA G\u0130DEMEM\u0130\u015e&#8230;&#8217;<\/b><\/p>\n<p>Pendik il\u00e7esi Kavakp\u0131nar Mahallesindeki olay esnas\u0131nda, polis arac\u0131nda A.Y. isimli polis memurunun yaln\u0131z oldu\u011fu, bayan \u015fah\u0131slar\u0131n kendilerini bir arac\u0131n takip etti\u011fi m\u00fcnasebeti ile korktuklar\u0131ndan konutlar\u0131na gidemedikleri, yard\u0131m talebinde bulunduklar\u0131 ve olay\u0131n meydana geldi\u011fi anla\u015f\u0131lm\u0131\u015ft\u0131r. Mevzu ile ilgili polis memuru vazifeden uzakla\u015ft\u0131r\u0131lm\u0131\u015f, hakk\u0131nda gerekli s\u00fcre\u00e7ler ba\u015flat\u0131lm\u0131\u015ft\u0131r.<\/p>\n","protected":false},"excerpt":{"rendered":"<p>Pendik, Kavakp\u0131nar Mahallesi&#8217;nde sabaha kar\u015f\u0131 iki gen\u00e7 bayan, kendilerini bir arac\u0131n takip etti\u011fini arg\u00fcman ederek, polisten yard\u0131m istedi. Daha sonra bayanlar polis arac\u0131yla foto\u011fraf \u00e7ektirip, resmi araca binerek olay yerinden uzakla\u015ft\u0131.  Hususla ilgili a\u00e7\u0131klama yapan \u0130stanbul Emniyet M\u00fcd\u00fcrl\u00fc\u011f\u00fc, &#8216;Polis memuru misyondan uzakla\u015ft\u0131r\u0131lm\u0131\u015f, hakk\u0131nda gerekli s\u00fcre\u00e7ler ba\u015flat\u0131lm\u0131\u015ft\u0131r&#8217; s\u00f6zlerine yer verdi.<\/p>\n","protected":false},"author":1,"featured_media":18369,"comment_status":"open","ping_status":"open","sticky":false,"template":"","format":"standard","meta":{"footnotes":""},"categories":[25],"tags":[3644,179,171,269],"class_list":["post-18368","post","type-post","status-publish","format-standard","has-post-thumbnail","hentry","category-gundem","tag-aracin","tag-kadin","tag-olay","tag-polis"],"_links":{"self":[{"href":"https:\/\/ikimisli.tr\/index.php\/wp-json\/wp\/v2\/posts\/18368","targetHints":{"allow":["GET"]}}],"collection":[{"href":"https:\/\/ikimisli.tr\/index.php\/wp-json\/wp\/v2\/posts"}],"about":[{"href":"https:\/\/ikimisli.tr\/index.php\/wp-json\/wp\/v2\/types\/post"}],"author":[{"embeddable":true,"href":"https:\/\/ikimisli.tr\/index.php\/wp-json\/wp\/v2\/users\/1"}],"replies":[{"embeddable":true,"href":"https:\/\/ikimisli.tr\/index.php\/wp-json\/wp\/v2\/comments?post=18368"}],"version-history":[{"count":1,"href":"https:\/\/ikimisli.tr\/index.php\/wp-json\/wp\/v2\/posts\/18368\/revisions"}],"predecessor-version":[{"id":18372,"href":"https:\/\/ikimisli.tr\/index.php\/wp-json\/wp\/v2\/posts\/18368\/revisions\/18372"}],"wp:featuredmedia":[{"embeddable":true,"href":"https:\/\/ikimisli.tr\/index.php\/wp-json\/wp\/v2\/media\/18369"}],"wp:attachment":[{"href":"https:\/\/ikimisli.tr\/index.php\/wp-json\/wp\/v2\/media?parent=18368"}],"wp:term":[{"taxonomy":"category","embeddable":true,"href":"https:\/\/ikimisli.tr\/index.php\/wp-json\/wp\/v2\/categories?post=18368"},{"taxonomy":"post_tag","embeddable":true,"href":"https:\/\/ikimisli.tr\/index.php\/wp-json\/wp\/v2\/tags?post=18368"}],"curies":[{"name":"wp","href":"https:\/\/api.w.org\/{rel}","templated":true}]}}