{"id":18406,"date":"2025-03-08T06:24:09","date_gmt":"2025-03-08T06:24:09","guid":{"rendered":"https:\/\/ikimisli.tr\/?p=18406"},"modified":"2025-03-08T06:24:09","modified_gmt":"2025-03-08T06:24:09","slug":"volvo-amiral-gemisinin-uretimini-durdurdu-bazi-araclarda-da-isim-degisikligine-gitti","status":"publish","type":"post","link":"https:\/\/ikimisli.tr\/index.php\/2025\/03\/08\/volvo-amiral-gemisinin-uretimini-durdurdu-bazi-araclarda-da-isim-degisikligine-gitti\/","title":{"rendered":"Volvo amiral gemisinin \u00fcretimini durdurdu: Baz\u0131 ara\u00e7larda da isim de\u011fi\u015fikli\u011fine gitti"},"content":{"rendered":"<p>\u0130sve\u00e7li araba \u00fcreticisi Volvo, elektrikli ve hibrit ara\u00e7lar\u0131n\u0131 daha bariz halde ay\u0131rt edebilmek i\u00e7in isimlendirme sisteminde de\u011ferli bir de\u011fi\u015fikli\u011fe gidiyor.<\/p>\n<p>\u015eirket, <strong>&#8220;Recharge&#8221;<\/strong> etiketini kald\u0131rarak yeni bir isimlendirme siyaseti benimsedi. Bu at\u0131l\u0131mla birlikte, hibrit ara\u00e7lar i\u00e7in <strong>&#8220;T8&#8221; <\/strong>etiketi kullan\u0131lacak.<\/p>\n<p>Volvo, hibrit modellerindeki <strong>&#8220;Recharge&#8221;<\/strong> etiketini b\u00fcsb\u00fct\u00fcn kald\u0131rarak, daha net bir s\u0131n\u0131fland\u0131rma sa\u011flamak istiyor. Bu de\u011fi\u015fiklikle birlikte, plug-in hibrit ara\u00e7lar<strong> &#8220;T8&#8221;<\/strong> olarak an\u0131lacak.<\/p>\n<p>Elektrikli XC40 Recharge ise yeni ismiyle EX40 olarak piyasaya \u00e7\u0131kacak. EX40, 205 kW s\u00fcratli \u015farj kapasitesi ve 82 kWh bataryas\u0131yla dikkat \u00e7ekecek. Hafif hibrit modeller ise mevcut<strong> &#8220;XC40&#8221;<\/strong> ismini ta\u015f\u0131maya devam edecek.<\/p>\n<p><b>C40 RECHARGE \u00dcRET\u0130M\u0130 DURDURULUYOR\u00a0<\/b><\/p>\n<p>Volvo, 2025 y\u0131l\u0131 prestijiyle C40 Recharge modelinin \u00fcretimine orta veriyor. Lakin bu model, 2026 y\u0131l\u0131nda yenilenmi\u015f bir halde <strong>&#8220;EC40&#8221;<\/strong> ismiyle tekrar sat\u0131\u015fa sunulacak. \u015eirket, bu de\u011fi\u015fikli\u011fin nedenini a\u00e7\u0131klamasa da, ge\u00e7ti\u011fimiz y\u0131l ABD\u2019de yaln\u0131zca 1.420 adet C40 sat\u0131ld\u0131\u011f\u0131 biliniyor.<\/p>\n<p><b>T\u00dcRK\u0130YE PAZARINDA DE\u011e\u0130\u015e\u0130KL\u0130K KARARI\u00a0<\/b><\/p>\n<p>Volvo\u2019nun yeni isimlendirme stratejisi, T\u00fcrkiye pazar\u0131n\u0131 da etkiliyor. 2024 model ara\u00e7larda hala &#8220;Recharge&#8221; etiketi kullan\u0131l\u0131rken, 2025 model ara\u00e7lar i\u00e7in bu etiketin b\u00fcsb\u00fct\u00fcn kald\u0131r\u0131ld\u0131\u011f\u0131 g\u00f6r\u00fcld\u00fc.<\/p>\n","protected":false},"excerpt":{"rendered":"<p>\u0130sve\u00e7li araba devi Volvo, iki k\u0131ymetli karar ald\u0131\u011f\u0131n\u0131 a\u00e7\u0131klad\u0131. Elektrikli ve hibrit ara\u00e7lar\u0131n\u0131n birbirinden daha kolay ay\u0131rt edilmesi i\u00e7in isim de\u011fi\u015fikli\u011fine giden Volvo, bir arabas\u0131n\u0131n ABD&#8217;de \u00fcretiminin 1 y\u0131l durdu\u011funu a\u00e7\u0131klad\u0131. T\u00fcrkiye&#8217;de ise otombillerden etiketler kald\u0131r\u0131ld\u0131\u011f\u0131 g\u00f6zlemlendi.<\/p>\n","protected":false},"author":1,"featured_media":18407,"comment_status":"open","ping_status":"open","sticky":false,"template":"","format":"standard","meta":{"footnotes":""},"categories":[28],"tags":[984,3651,3197,1521,3650],"class_list":["post-18406","post","type-post","status-publish","format-standard","has-post-thumbnail","hentry","category-otomobil","tag-araclar","tag-etiketi","tag-hibrit","tag-model","tag-recharge"],"_links":{"self":[{"href":"https:\/\/ikimisli.tr\/index.php\/wp-json\/wp\/v2\/posts\/18406","targetHints":{"allow":["GET"]}}],"collection":[{"href":"https:\/\/ikimisli.tr\/index.php\/wp-json\/wp\/v2\/posts"}],"about":[{"href":"https:\/\/ikimisli.tr\/index.php\/wp-json\/wp\/v2\/types\/post"}],"author":[{"embeddable":true,"href":"https:\/\/ikimisli.tr\/index.php\/wp-json\/wp\/v2\/users\/1"}],"replies":[{"embeddable":true,"href":"https:\/\/ikimisli.tr\/index.php\/wp-json\/wp\/v2\/comments?post=18406"}],"version-history":[{"count":1,"href":"https:\/\/ikimisli.tr\/index.php\/wp-json\/wp\/v2\/posts\/18406\/revisions"}],"predecessor-version":[{"id":18408,"href":"https:\/\/ikimisli.tr\/index.php\/wp-json\/wp\/v2\/posts\/18406\/revisions\/18408"}],"wp:featuredmedia":[{"embeddable":true,"href":"https:\/\/ikimisli.tr\/index.php\/wp-json\/wp\/v2\/media\/18407"}],"wp:attachment":[{"href":"https:\/\/ikimisli.tr\/index.php\/wp-json\/wp\/v2\/media?parent=18406"}],"wp:term":[{"taxonomy":"category","embeddable":true,"href":"https:\/\/ikimisli.tr\/index.php\/wp-json\/wp\/v2\/categories?post=18406"},{"taxonomy":"post_tag","embeddable":true,"href":"https:\/\/ikimisli.tr\/index.php\/wp-json\/wp\/v2\/tags?post=18406"}],"curies":[{"name":"wp","href":"https:\/\/api.w.org\/{rel}","templated":true}]}}