{"id":18752,"date":"2025-03-09T02:12:08","date_gmt":"2025-03-09T02:12:08","guid":{"rendered":"https:\/\/ikimisli.tr\/?p=18752"},"modified":"2025-03-09T02:12:08","modified_gmt":"2025-03-09T02:12:08","slug":"moodys-turkiyenin-kredi-notu-degerlendirmesini-duyurdu-yil-sonu-enflasyon-tahminini-acikladi","status":"publish","type":"post","link":"https:\/\/ikimisli.tr\/index.php\/2025\/03\/09\/moodys-turkiyenin-kredi-notu-degerlendirmesini-duyurdu-yil-sonu-enflasyon-tahminini-acikladi\/","title":{"rendered":"Moody\u2019s, T\u00fcrkiye\u2019nin kredi notu de\u011ferlendirmesini duyurdu: Y\u0131l sonu enflasyon tahminini a\u00e7\u0131klad\u0131"},"content":{"rendered":"<p>Kredi derecelendirme kurulu\u015fundan yap\u0131lan a\u00e7\u0131klamada, T\u00fcrkiye&#8217;nin kredi notlar\u0131n\u0131n, \u00fclkenin b\u00fcy\u00fck, \u00e7e\u015fitlendirilmi\u015f ve diren\u00e7li iktisad\u0131, \u00f6l\u00e7\u00fcl\u00fc kamu bor\u00e7 y\u00fck\u00fc ve uygunla\u015fan para ve makroekonomik siyaset aktifli\u011fiyle desteklendi\u011fi aktar\u0131ld\u0131.<\/p>\n<p>A\u00e7\u0131klamada, de\u011ferli \u00f6l\u00e7\u00fcde s\u0131k\u0131la\u015ft\u0131r\u0131lan para siyaseti duru\u015funun, yurt i\u00e7i kredi b\u00fcy\u00fcmesini s\u0131n\u0131rlad\u0131\u011f\u0131 ve T\u00fcrk liras\u0131na olan itimad\u0131 art\u0131rd\u0131\u011f\u0131, iktisad\u0131n yine dengelenmesini sa\u011flad\u0131\u011f\u0131, enflasyonist bask\u0131lar\u0131 azaltt\u0131\u011f\u0131, cari a\u00e7\u0131\u011f\u0131 daraltt\u0131\u011f\u0131 ve yabanc\u0131 sermaye giri\u015fini te\u015fvik etti\u011fi belirtildi.<\/p>\n<p><b>YIL SONU ENFLASYON TAHM\u0130N\u0130<\/b><\/p>\n<p>Enflasyondaki d\u00fc\u015f\u00fc\u015f\u00fcn bu y\u0131l da devam etmesinin ve y\u0131l sonunda yakla\u015f\u0131k y\u00fczde 30&#8217;a gerilemesinin beklendi\u011fi aktar\u0131lan a\u00e7\u0131klamada, swaplar hari\u00e7 merkez bankas\u0131 d\u00f6viz rezervlerinin art\u0131k sa\u011flam bir bi\u00e7imde olumlu oldu\u011fu ve d\u0131\u015f k\u0131r\u0131lganl\u0131k risklerini azaltt\u0131\u011f\u0131 vurguland\u0131.<\/p>\n<p>A\u00e7\u0131klamada, mali duru\u015fun bu y\u0131l daha k\u0131s\u0131tlay\u0131c\u0131 hale gelmesinin beklendi\u011fi belirtilerek, bunun da iktisattaki yine dengelenmeyi ve dezenflasyonu desteklemesinin \u00f6ng\u00f6r\u00fcld\u00fc\u011f\u00fc bildirildi.<\/p>\n<p>Moody&#8217;s&#8217;in a\u00e7\u0131klamas\u0131nda, makroekonomik istikrar\u0131 yine tesis eden, enflasyonu daima olarak d\u00fc\u015f\u00fcren, iktisad\u0131n kal\u0131c\u0131 olarak dolars\u0131zla\u015ft\u0131r\u0131lmas\u0131n\u0131 sa\u011flayan ve b\u00fcy\u00fcmeyi kredi odakl\u0131 i\u00e7 talepten uzakla\u015ft\u0131ran siyasetlerin aktif bir formda uygulanmaya devam edilmesi halinde T\u00fcrkiye&#8217;nin kredi notunun y\u00fckseltilebilece\u011fi aktar\u0131ld\u0131.<\/p>\n<p><b>EN SON T\u00dcRK\u0130YE&#8217;N\u0130N KRED\u0130 NOTUNU \u0130K\u0130 KADEME ARTIRMI\u015eTI\u00a0<\/b><\/p>\n<p>Moody&#8217;s en son 19 Temmuz 2024&#8217;te T\u00fcrkiye&#8217;nin kredi notunu iki kademe art\u0131rarak <strong>&#8220;B3&#8243;ten &#8220;B1&#8221;<\/strong>e y\u00fckseltmi\u015fti, kredi notu g\u00f6r\u00fcn\u00fcm\u00fcn\u00fc <strong>&#8220;pozitif&#8221; <\/strong>olarak korumu\u015ftu.<\/p>\n<p>Kredi derecelendirme kurulu\u015funun bu y\u0131la ait takviminde T\u00fcrkiye i\u00e7in birinci kredi notu k\u0131ymetlendirme tarihi 24 Ocak olarak belirlenmi\u015fti.<\/p>\n<p>Ancak milletleraras\u0131 kredi derecelendirme kurulu\u015flar\u0131n\u0131n y\u0131ll\u0131k takvimlerinde, \u00fclkelerin kredi notu ve not g\u00f6r\u00fcn\u00fcmleri i\u00e7in tarih vermesi, kesin olarak g\u00fcncelleme yap\u0131laca\u011f\u0131 manas\u0131na gelmiyor. Kredi derecelendirme kurulu\u015flar\u0131 belirtilen tarih d\u0131\u015f\u0131nda da bir de\u011ferlendirmede bulunabiliyor.<\/p>\n<p>Moody&#8217;s&#8217;in T\u00fcrkiye&#8217;ye ait bir sonraki planl\u0131 de\u011ferlendirmesini 25 Temmuz\u2019da yapmas\u0131 bekleniyor.<\/p>\n","protected":false},"excerpt":{"rendered":"<p>Milletleraras\u0131 derecelendirme kurulu\u015fu Moody&#8217;s, T\u00fcrkiye&#8217;nin kredi notuyla ilgili bir karar almazken \u00fclkeye ait periyodik de\u011ferlendirmesini tamamlad\u0131\u011f\u0131n\u0131 duyurdu.<\/p>\n","protected":false},"author":1,"featured_media":18753,"comment_status":"open","ping_status":"open","sticky":false,"template":"","format":"standard","meta":{"footnotes":""},"categories":[24],"tags":[315,3695,163],"class_list":["post-18752","post","type-post","status-publish","format-standard","has-post-thumbnail","hentry","category-ekonomi","tag-kredi","tag-kredi-notu","tag-turk"],"_links":{"self":[{"href":"https:\/\/ikimisli.tr\/index.php\/wp-json\/wp\/v2\/posts\/18752","targetHints":{"allow":["GET"]}}],"collection":[{"href":"https:\/\/ikimisli.tr\/index.php\/wp-json\/wp\/v2\/posts"}],"about":[{"href":"https:\/\/ikimisli.tr\/index.php\/wp-json\/wp\/v2\/types\/post"}],"author":[{"embeddable":true,"href":"https:\/\/ikimisli.tr\/index.php\/wp-json\/wp\/v2\/users\/1"}],"replies":[{"embeddable":true,"href":"https:\/\/ikimisli.tr\/index.php\/wp-json\/wp\/v2\/comments?post=18752"}],"version-history":[{"count":1,"href":"https:\/\/ikimisli.tr\/index.php\/wp-json\/wp\/v2\/posts\/18752\/revisions"}],"predecessor-version":[{"id":18754,"href":"https:\/\/ikimisli.tr\/index.php\/wp-json\/wp\/v2\/posts\/18752\/revisions\/18754"}],"wp:featuredmedia":[{"embeddable":true,"href":"https:\/\/ikimisli.tr\/index.php\/wp-json\/wp\/v2\/media\/18753"}],"wp:attachment":[{"href":"https:\/\/ikimisli.tr\/index.php\/wp-json\/wp\/v2\/media?parent=18752"}],"wp:term":[{"taxonomy":"category","embeddable":true,"href":"https:\/\/ikimisli.tr\/index.php\/wp-json\/wp\/v2\/categories?post=18752"},{"taxonomy":"post_tag","embeddable":true,"href":"https:\/\/ikimisli.tr\/index.php\/wp-json\/wp\/v2\/tags?post=18752"}],"curies":[{"name":"wp","href":"https:\/\/api.w.org\/{rel}","templated":true}]}}