{"id":18767,"date":"2025-03-09T03:12:05","date_gmt":"2025-03-09T03:12:05","guid":{"rendered":"https:\/\/ikimisli.tr\/?p=18767"},"modified":"2025-03-09T03:12:05","modified_gmt":"2025-03-09T03:12:05","slug":"abdullah-avcidan-yeni-fenerbahce-itirafi","status":"publish","type":"post","link":"https:\/\/ikimisli.tr\/index.php\/2025\/03\/09\/abdullah-avcidan-yeni-fenerbahce-itirafi\/","title":{"rendered":"Abdullah Avc\u0131&#8217;dan yeni Fenerbah\u00e7e itiraf\u0131"},"content":{"rendered":"<p>Teknik y\u00f6netici Abdullah Avc\u0131\u2019dan Fenerbah\u00e7e ve Ulusal Ekip itiraf\u0131 geldi\u2026 TRT Spor\u2019a a\u00e7\u0131klamalarda bulunan deneyimli teknik adam son Trabzonspor maceras\u0131n\u0131 ise hayal k\u0131r\u0131kl\u0131\u011f\u0131 olarak nitelendirdi.<\/p>\n<p><b>\u2018HAZIRLIK YAPMI\u015eTIM\u2019<\/b><\/p>\n<p>Fenerbah\u00e7e hakk\u0131nda konu\u015fan Avc\u0131, &#8220;Fenerbah\u00e7e beni istedi\u011finde &#8216;Beni tercih edece\u011finizi d\u00fc\u015f\u00fcn\u00fcp haz\u0131rl\u0131k yapm\u0131\u015ft\u0131m&#8217; dedim. Trabzon&#8217;da ya\u015fad\u0131\u011f\u0131m \u015fampiyonluktan sonra ne bir g\u00f6r\u00fcnt\u00fc ne de bir imgem var. Hi\u00e7bir \u015feyle alakam yok. Ne yaz\u0131k ki toplumsal medyada yap\u0131lan alg\u0131yla birlikte Fenerbah\u00e7e evrak\u0131 kapand\u0131&#8221; dedi.<\/p>\n<p><b>\u2018HEM FENER HEM ULUSAL KADRO OLMAYINCA TRABZON\u2019A G\u0130TT\u0130M\u2019<\/b><\/p>\n<p>Trabzonspor ile S\u00fcper Lig \u015fampiyonlu\u011fu ya\u015fayan Avc\u0131, &#8220;Trabzonspor&#8217;a ikinci gidi\u015fim benim i\u00e7in hayal k\u0131r\u0131kl\u0131\u011f\u0131yd\u0131. Hem Fenerbah\u00e7e hem de Ulusal Kadro ikisi de olmay\u0131nca Trabzonspor&#8217;un da gereksinimi olunca gittim&#8221; tabirlerini kulland\u0131.<\/p>\n<p><b>\u2018B\u00dcY\u00dcKEK\u015e\u0130 VE ALTINTOP \u0130LE 4 SEFER G\u00d6R\u00dc\u015eT\u00dcM\u2019<\/b><\/p>\n<p>A Ulusal Kadro ile yapt\u0131\u011f\u0131 g\u00f6r\u00fc\u015fmeler hakk\u0131nda ise Avc\u0131, &#8220;Ben Ulusal Grup ile mukavele imzal\u0131yordum. Onlar istedi. Mehmet B\u00fcy\u00fckek\u015fi ve Hamit Alt\u0131ntop ile g\u00f6r\u00fc\u015ft\u00fcm. 3 sefer g\u00f6r\u00fc\u015ft\u00fcm. Sonra olmad\u0131. Beni neden istediklerini s\u00f6ylediler fakat sonra neden istemediklerini s\u00f6ylemediler&#8221; diye konu\u015ftu.<\/p>\n","protected":false},"excerpt":{"rendered":"<p>Teknik y\u00f6netici Abdullah Avc\u0131, Fenerbah\u00e7e ve Ulusal Kadro ile g\u00f6r\u00fc\u015ft\u00fc\u011f\u00fcn\u00fc a\u00e7\u0131klad\u0131. Avc\u0131 son Trabzon maceras\u0131n\u0131 iste hayal k\u0131r\u0131kl\u0131\u011f\u0131 olarak nitelendirdi.<\/p>\n","protected":false},"author":1,"featured_media":18768,"comment_status":"open","ping_status":"open","sticky":false,"template":"","format":"standard","meta":{"footnotes":""},"categories":[30],"tags":[1069,3696],"class_list":["post-18767","post","type-post","status-publish","format-standard","has-post-thumbnail","hentry","category-spor","tag-fenerbahce","tag-milli-takim"],"_links":{"self":[{"href":"https:\/\/ikimisli.tr\/index.php\/wp-json\/wp\/v2\/posts\/18767","targetHints":{"allow":["GET"]}}],"collection":[{"href":"https:\/\/ikimisli.tr\/index.php\/wp-json\/wp\/v2\/posts"}],"about":[{"href":"https:\/\/ikimisli.tr\/index.php\/wp-json\/wp\/v2\/types\/post"}],"author":[{"embeddable":true,"href":"https:\/\/ikimisli.tr\/index.php\/wp-json\/wp\/v2\/users\/1"}],"replies":[{"embeddable":true,"href":"https:\/\/ikimisli.tr\/index.php\/wp-json\/wp\/v2\/comments?post=18767"}],"version-history":[{"count":1,"href":"https:\/\/ikimisli.tr\/index.php\/wp-json\/wp\/v2\/posts\/18767\/revisions"}],"predecessor-version":[{"id":18769,"href":"https:\/\/ikimisli.tr\/index.php\/wp-json\/wp\/v2\/posts\/18767\/revisions\/18769"}],"wp:featuredmedia":[{"embeddable":true,"href":"https:\/\/ikimisli.tr\/index.php\/wp-json\/wp\/v2\/media\/18768"}],"wp:attachment":[{"href":"https:\/\/ikimisli.tr\/index.php\/wp-json\/wp\/v2\/media?parent=18767"}],"wp:term":[{"taxonomy":"category","embeddable":true,"href":"https:\/\/ikimisli.tr\/index.php\/wp-json\/wp\/v2\/categories?post=18767"},{"taxonomy":"post_tag","embeddable":true,"href":"https:\/\/ikimisli.tr\/index.php\/wp-json\/wp\/v2\/tags?post=18767"}],"curies":[{"name":"wp","href":"https:\/\/api.w.org\/{rel}","templated":true}]}}