{"id":18849,"date":"2025-03-09T07:48:08","date_gmt":"2025-03-09T07:48:08","guid":{"rendered":"https:\/\/ikimisli.tr\/?p=18849"},"modified":"2025-03-09T07:48:08","modified_gmt":"2025-03-09T07:48:08","slug":"abd-disisleri-bakani-rubio-tum-abd-yardimlarini-kesti","status":"publish","type":"post","link":"https:\/\/ikimisli.tr\/index.php\/2025\/03\/09\/abd-disisleri-bakani-rubio-tum-abd-yardimlarini-kesti\/","title":{"rendered":"ABD D\u0131\u015fi\u015fleri Bakan\u0131 Rubio, t\u00fcm ABD yard\u0131mlar\u0131n\u0131 kesti"},"content":{"rendered":"<p>ABD D\u0131\u015fi\u015fleri Bakan\u0131 Marco Rubio, Ba\u015fkan Donald Trump\u2019\u0131n siyasetlerine uygunluklar\u0131n\u0131n g\u00f6zden ge\u00e7irilmesi hedefiyle neredeyse t\u00fcm d\u0131\u015f yard\u0131m programlar\u0131n\u0131 derhal durdurma talimat\u0131 verdi.<\/p>\n<p>Financial Times taraf\u0131ndan g\u00f6r\u00fclen bir i\u00e7 yaz\u0131\u015fmaya nazaran, bu karar, ABD Uluslararas\u0131 Kalk\u0131nma Ajans\u0131 (USAID) arac\u0131l\u0131\u011f\u0131yla y\u00fcr\u00fct\u00fclenler de dahil olmak \u00fczere, milyarlarca dolar pahas\u0131ndaki milletleraras\u0131 yard\u0131m mukavelelerini etkileyecek.<\/p>\n<p><b>T\u00dcM YARDIM \u00c7ALI\u015eMALARI DURDURULDU<\/b><\/p>\n<p>Rubio\u2019nun D\u0131\u015fi\u015fleri Bakanl\u0131\u011f\u0131 ve USAID\u2019e g\u00f6nderdi\u011fi yaz\u0131da, yeni milletleraras\u0131 insani yard\u0131m \u00f6demelerinin ask\u0131ya al\u0131nmas\u0131 gerekti\u011fi ve \u201cinceleme tamamlanana kadar derhal \u00e7al\u0131\u015fmay\u0131 durdurmas\u0131\u201d gerekti\u011fi belirtildi.<\/p>\n<p>\u0130nceleme s\u00fcrecinin 85 g\u00fcn kadar s\u00fcrebilece\u011fi ve 2022 mali y\u0131l\u0131nda k\u0131ymeti 70 milyar dolar\u0131 a\u015fan y\u00fczlerce d\u0131\u015f yard\u0131m mukavelesinin \u00fc\u00e7 ay boyunca belirsizlikte kalabilece\u011fi s\u00f6z ediliyor.<\/p>\n<p>Rubio ayr\u0131yeten, t\u00fcm d\u0131\u015f yard\u0131m fonlar\u0131n\u0131n D\u0131\u015fi\u015fleri Bakanl\u0131\u011f\u0131 taraf\u0131ndan onaylanmas\u0131 gerekti\u011fini belirtti ve milletleraras\u0131 yard\u0131m programlar\u0131n\u0131n kontrol\u00fcn\u00fc kendi ofisinde merkezile\u015ftirdi.<\/p>\n<p>Rubio\u2019nun talimat\u0131, Trump\u2019\u0131n birinci ba\u015fkanl\u0131k g\u00fcn\u00fcnde imzalad\u0131\u011f\u0131 bir ba\u015fkanl\u0131k kararnamesini uygulamaya koyuyor.<\/p>\n<p><b>&#8216;ABD \u00c7IKARLARIYLA UYUMLU DE\u011e\u0130L&#8217;<\/b><\/p>\n<p>Trump, bu kararnamede, \u201culuslararas\u0131 insani yard\u0131m b\u00fcrokrasisi ve sanayisinin ABD \u00e7\u0131karlar\u0131yla uyumlu olmad\u0131\u011f\u0131n\u0131 ve bir\u00e7ok durumda ABD bedellerine kar\u015f\u0131t oldu\u011funu\u201d tabir etmi\u015f ve yard\u0131mlar\u0131n durdurulmas\u0131n\u0131 istemi\u015fti.<\/p>\n<p>Trump\u2019\u0131n ikinci periyodunun birinci g\u00fcnlerinde federal h\u00fck\u00fcmetin t\u00fcm \u00fcnitelerini kendi siyasetlerini uygulamak \u00fczere tekrar \u015fekillendirme gayreti dikkat \u00e7ekiyor.<\/p>\n<p>Rubio\u2019nun talimat\u0131na misal bi\u00e7imde, Ulusal S\u0131hhat Enstit\u00fcleri (NIH) \u00fczere bilimsel kurulu\u015flar da yeni idarenin g\u00f6zden ge\u00e7irme s\u00fcrecini tamamlayana kadar fon \u00e7al\u0131\u015fmalar\u0131n\u0131 durdurdu.<\/p>\n<p>Bu durum, ara\u015ft\u0131rmac\u0131lar ortas\u0131nda tasa yaratm\u0131\u015f durumda. Rubio\u2019nun d\u0131\u015f yard\u0131m dondurma talimat\u0131na kimi istisnalar dahil edildi.<\/p>\n<p>Bunlar ortas\u0131nda \u0130srail ve M\u0131s\u0131r i\u00e7in askeri finansman ile yabanc\u0131 acil besin yard\u0131mlar\u0131 yer al\u0131yor. Lakin yaz\u0131da, mevcut ve yeni kontratlar\u0131n durdurulmas\u0131n\u0131n yan\u0131 s\u0131ra, ABD h\u00fck\u00fcmeti kurumlar\u0131n\u0131n d\u0131\u015f yard\u0131m projeleri i\u00e7in yeni teklif yay\u0131nlamamas\u0131 gerekti\u011fi de belirtiliyor.<\/p>\n<p><b>YEN\u0130 REHBER, RUBIO<\/b><\/p>\n<p>Rubio, bu hafta yapt\u0131\u011f\u0131 bir a\u00e7\u0131klamada, Trump\u2019\u0131n kendisinden \u201cABD\u2019nin d\u0131\u015f siyasetini Amerikan ulusal \u00e7\u0131karlar\u0131n\u0131 rehber edinerek \u015fekillendirmesini\u201d istedi\u011fini belirtti.<\/p>\n<p>Rubio, g\u00f6\u00e7\u00fc engellemek ve \u201cAmerika\u2019y\u0131 zay\u0131flatan\u201d iklim siyasetlerini kald\u0131rman\u0131n en b\u00fcy\u00fck \u00f6ncelikleri ortas\u0131nda oldu\u011funu s\u00f6yledi.<\/p>\n<p>Rubio, \u201cHarcad\u0131\u011f\u0131m\u0131z her dolar, finanse etti\u011fimiz her program ve izledi\u011fimiz her siyaset \u015fu \u00fc\u00e7 kolay soruya kar\u015f\u0131l\u0131k vermelidir: ABD\u2019yi daha inan\u00e7l\u0131 hale getiriyor mu? ABD\u2019yi daha g\u00fc\u00e7l\u00fc yap\u0131yor mu? ABD&#8217;yi daha m\u00fcreffeh yap\u0131yor mu?\u201d s\u00f6zlerini kulland\u0131.<\/p>\n<p>Rubio\u2019nun talimat\u0131, Washington\u2019un d\u0131\u015f yard\u0131m siyasetlerini k\u00f6kten de\u011fi\u015ftirmesi manas\u0131na geliyor.<\/p>\n<p>\u00a0<\/p>\n","protected":false},"excerpt":{"rendered":"<p>ABD D\u0131\u015fi\u015fleri Bakan\u0131 Marco Rubio, ABD&#8217;nin sa\u011flad\u0131\u011f\u0131 uluslaras\u0131 insani yard\u0131m programlar\u0131n\u0131 Trump&#8217;\u0131n siyasetlerine uygunluk a\u00e7\u0131s\u0131ndan g\u00f6zden ge\u00e7irmek i\u00e7in b\u00fcsb\u00fct\u00fcn durdurdu. Karar, milyarlarca dolarl\u0131k milletleraras\u0131 yard\u0131m mukavelelerini ve y\u00fczlerce projeyi belirsizli\u011fe s\u00fcr\u00fckledi.<\/p>\n","protected":false},"author":1,"featured_media":18850,"comment_status":"open","ping_status":"open","sticky":false,"template":"","format":"standard","meta":{"footnotes":""},"categories":[43],"tags":[82,3715,1030,3187,367],"class_list":["post-18849","post","type-post","status-publish","format-standard","has-post-thumbnail","hentry","category-dunya","tag-abd","tag-dis-yardim","tag-politika","tag-rubio","tag-yardim"],"_links":{"self":[{"href":"https:\/\/ikimisli.tr\/index.php\/wp-json\/wp\/v2\/posts\/18849","targetHints":{"allow":["GET"]}}],"collection":[{"href":"https:\/\/ikimisli.tr\/index.php\/wp-json\/wp\/v2\/posts"}],"about":[{"href":"https:\/\/ikimisli.tr\/index.php\/wp-json\/wp\/v2\/types\/post"}],"author":[{"embeddable":true,"href":"https:\/\/ikimisli.tr\/index.php\/wp-json\/wp\/v2\/users\/1"}],"replies":[{"embeddable":true,"href":"https:\/\/ikimisli.tr\/index.php\/wp-json\/wp\/v2\/comments?post=18849"}],"version-history":[{"count":1,"href":"https:\/\/ikimisli.tr\/index.php\/wp-json\/wp\/v2\/posts\/18849\/revisions"}],"predecessor-version":[{"id":18851,"href":"https:\/\/ikimisli.tr\/index.php\/wp-json\/wp\/v2\/posts\/18849\/revisions\/18851"}],"wp:featuredmedia":[{"embeddable":true,"href":"https:\/\/ikimisli.tr\/index.php\/wp-json\/wp\/v2\/media\/18850"}],"wp:attachment":[{"href":"https:\/\/ikimisli.tr\/index.php\/wp-json\/wp\/v2\/media?parent=18849"}],"wp:term":[{"taxonomy":"category","embeddable":true,"href":"https:\/\/ikimisli.tr\/index.php\/wp-json\/wp\/v2\/categories?post=18849"},{"taxonomy":"post_tag","embeddable":true,"href":"https:\/\/ikimisli.tr\/index.php\/wp-json\/wp\/v2\/tags?post=18849"}],"curies":[{"name":"wp","href":"https:\/\/api.w.org\/{rel}","templated":true}]}}