{"id":18852,"date":"2025-03-09T08:00:08","date_gmt":"2025-03-09T08:00:08","guid":{"rendered":"https:\/\/ikimisli.tr\/?p=18852"},"modified":"2025-03-09T08:00:08","modified_gmt":"2025-03-09T08:00:08","slug":"seytan-bile-bu-plan-karsisinda-masum-kalir-aziz-ihsan-aktasin-evlilik-disi-bebek-oyunu","status":"publish","type":"post","link":"https:\/\/ikimisli.tr\/index.php\/2025\/03\/09\/seytan-bile-bu-plan-karsisinda-masum-kalir-aziz-ihsan-aktasin-evlilik-disi-bebek-oyunu\/","title":{"rendered":"\u015eeytan bile bu plan kar\u015f\u0131s\u0131nda masum kal\u0131r&#8230; Aziz \u0130hsan Akta\u015f\u2019\u0131n evlilik d\u0131\u015f\u0131 bebek oyunu"},"content":{"rendered":"<p>Be\u015fikta\u015f Belediyesi&#8217;ne d\u00fczenlenen operasyonda r\u00fc\u015fvet verip kamu ihalelerine fesat kar\u0131\u015ft\u0131rd\u0131\u011f\u0131; ihalelerin yakla\u015f\u0131k bedelini evvelce belirleyerek haks\u0131z menfaat temin etti\u011fi gerek\u00e7esiyle tutuklanan Diyarbak\u0131rl\u0131 i\u015f insan\u0131 Aziz \u0130hsan Akta\u015f\u2019\u0131n \u015feytani plan\u0131 ak\u0131llara sakinlik verdi.<\/p>\n<p>Evli 4 \u00e7ocuk babas\u0131 olan 49 ya\u015f\u0131ndaki Aziz \u0130hsan Akta\u015f, \u015firket kurdurduktan sonra Be\u015fikta\u015f Belediyesinden 14 milyon liral\u0131k ihale ald\u0131rd\u0131\u011f\u0131 kendisinden 25 ya\u015f k\u00fc\u00e7\u00fck sevgilisini gebe b\u0131rakt\u0131.<\/p>\n<p>Evlilik d\u0131\u015f\u0131 hamile kalan bayan, yasal m\u00fchlet ge\u00e7ti\u011fi i\u00e7in gebeli\u011fin sonland\u0131r\u0131lmas\u0131 m\u00fcmk\u00fcn olmay\u0131nca Aziz \u0130hsan Akta\u015f, devay\u0131 \u015feytan\u0131n bile akl\u0131na gelmeyecek bir plan\u0131 hayata ge\u00e7irmekte buldu. Akta\u015f, evvel imam nik\u00e2h\u0131 yaparak G.G\u2019yi kendine ikinci e\u015f olarak ald\u0131.<\/p>\n<p>Ard\u0131ndan da e\u015fi, \u00e7ocuklar\u0131 ve birinci derece yak\u0131nlar\u0131n\u0131n bu olay\u0131 \u00f6\u011frenmemesi ve kendisinden \u015f\u00fcphelenmemeleri i\u00e7in sevgilisi G.G\u2019yi, Akta\u015f K\u00fcme b\u00fcnyesinde \u00e7al\u0131\u015fan\u0131 Diyarbak\u0131rl\u0131 \u015eaban \u00dc. ile formalite gere\u011fi evlendirdi.<\/p>\n<p>Ancak \u015eaban \u00dc.\u2019ye evvel ismini ve soyad\u0131n\u0131 Aziz \u0130hsan Akta\u015f olarak de\u011fi\u015ftirmesini istedi. Zira do\u011facak bebe\u011fin baba isminin n\u00fcfus kay\u0131tlar\u0131nda Aziz \u0130hsan, soyad\u0131n\u0131n da Akta\u015f olmas\u0131n\u0131 ama\u00e7lad\u0131.<\/p>\n<p>T\u00fcm mahkeme ve yarg\u0131lama masraflar\u0131n\u0131 kar\u015f\u0131layan Aziz \u0130hsan Akta\u015f\u2019\u0131n talimat\u0131 \u00fczerine \u015eaban \u00dc. \u0130stanbul Asliye Hukuk Mahkemesi nezdinde isim ve soyad\u0131 de\u011fi\u015fikli\u011fi i\u00e7in dava a\u00e7t\u0131.<\/p>\n<p><img decoding=\"async\" src=\"https:\/\/ikimisli.tr\/wp-content\/uploads\/2025\/03\/seytan-bile-bu-plan-karsisinda-masum-kalir-aziz-ihsan-aktasin-evlilik-disi-bebek-oyunu-9DBirAFT.jpg\"\/><\/p>\n<p><b>DO\u011eUMDAN B\u0130R G\u00dcN EVVEL \u0130SM\u0130N\u0130 VE SOYADINI DE\u011e\u0130\u015eT\u0130RD\u0130<\/b><\/p>\n<p>S\u0131r \u00fczere gizli tutulan dava s\u00fcreci h\u0131zland\u0131r\u0131ld\u0131 ve \u00e7al\u0131\u015fan\u0131 olan \u015eaban \u00dc.\u2019n\u00fcn ismi 19 Temmuz 2023 g\u00fcn\u00fc Aziz \u0130hsan Akta\u015f olarak de\u011fi\u015ftirildi ve N\u00fcfus ve Vatanda\u015fl\u0131k \u0130\u015fleri Genel M\u00fcd\u00fcrl\u00fc\u011f\u00fcnce de tescil yap\u0131ld\u0131.<\/p>\n<p>Yeni kimli\u011finde ismi Aziz \u0130hsan Akta\u015f olan \u015eaban \u00dc., Akta\u015f\u2019\u0131n sevgilisi G.G ile resmi nikahl\u0131 evli oldu\u011fu i\u00e7in do\u011fan bebe\u011fin de yasal babas\u0131 olarak kay\u0131tlara ge\u00e7ti. Bebek ise 1 g\u00fcn sonra 20 Temmuz 2023\u2019te d\u00fcnyaya geldi.<\/p>\n<p><b>N\u00dcFUS KAYITLARINDA BABA \u0130SM\u0130 AZ\u0130Z \u0130HSAN SOYADI \u0130SE AKTA\u015e<\/b><\/p>\n<p>Kimli\u011fi \u00e7\u0131kar\u0131ld\u0131 ve art\u0131k n\u00fcfus kay\u0131t \u00f6rneklerinde bebe\u011fin baba isminin Aziz \u0130hsan, soyad\u0131n\u0131n da Akta\u015f oldu\u011fu kay\u0131tlara ge\u00e7irildi. Ve b\u00f6ylelikle bebe\u011fin do\u011fumuna bir g\u00fcn kala yap\u0131lan isim de\u011fi\u015fikli\u011fi ve yap\u0131lan resmi nik\u00e2hla Aziz \u0130hsan Akta\u015f\u2019\u0131n evlilik d\u0131\u015f\u0131 hamile kalan sevgilisinden do\u011fan bebe\u011fin de n\u00fcfusta kimsenin haberi bilme olmadan babas\u0131 oldu\u011fu tescillendi.<\/p>\n<p>Be\u015fikta\u015f Belediyesi&#8217;ne d\u00fczenlenen operasyon kapsam\u0131nda g\u00f6zalt\u0131na al\u0131nan Aziz \u0130hsan Akta\u015f\u2019a soru\u015fturmay\u0131 y\u00fcr\u00fcten KOM savc\u0131lar\u0131 taraf\u0131ndan bu konu da soruldu. Lakin Akta\u015f, bunun \u00f6zel ailevi bir sorun oldu\u011fu ve soru\u015fturma ile alakal\u0131 olmad\u0131\u011f\u0131 i\u00e7in bu soruya yan\u0131t vermek istemedi\u011fini belirterek susma hakk\u0131n\u0131 kulland\u0131\u011f\u0131 ortaya \u00e7\u0131kt\u0131.<\/p>\n","protected":false},"excerpt":{"rendered":"<p>Be\u015fikta\u015f Belediyesi&#8217;ne d\u00fczenlenen operasyonda organize su\u00e7 \u00f6rg\u00fct\u00fc lideri olmakla su\u00e7lanan ve kamu ihalelerine fesat kar\u0131\u015ft\u0131rd\u0131\u011f\u0131, r\u00fc\u015fvet verdi\u011fi arg\u00fcmanlar\u0131yla tutuklanan i\u015f insan\u0131 Aziz \u0130hsan Akta\u015f\u2019\u0131n kendisinden 25 ya\u015f k\u00fc\u00e7\u00fck sevgilisinin kendisinden gebe kalmas\u0131 \u00fczerine e\u015fi ve \u00e7ocuklar\u0131n\u0131n haberi olmamas\u0131 i\u00e7in bayan\u0131 yan\u0131nda \u00e7al\u0131\u015fan bir emek\u00e7isiyle evlendirdi\u011fi ortaya \u00e7\u0131kt\u0131.<\/p>\n","protected":false},"author":1,"featured_media":18853,"comment_status":"open","ping_status":"open","sticky":false,"template":"","format":"standard","meta":{"footnotes":""},"categories":[25],"tags":[2939,2332,2533,531,3716],"class_list":["post-18852","post","type-post","status-publish","format-standard","has-post-thumbnail","hentry","category-gundem","tag-adi","tag-aktas","tag-aziz-ihsan-aktas","tag-baba","tag-soyadi"],"_links":{"self":[{"href":"https:\/\/ikimisli.tr\/index.php\/wp-json\/wp\/v2\/posts\/18852","targetHints":{"allow":["GET"]}}],"collection":[{"href":"https:\/\/ikimisli.tr\/index.php\/wp-json\/wp\/v2\/posts"}],"about":[{"href":"https:\/\/ikimisli.tr\/index.php\/wp-json\/wp\/v2\/types\/post"}],"author":[{"embeddable":true,"href":"https:\/\/ikimisli.tr\/index.php\/wp-json\/wp\/v2\/users\/1"}],"replies":[{"embeddable":true,"href":"https:\/\/ikimisli.tr\/index.php\/wp-json\/wp\/v2\/comments?post=18852"}],"version-history":[{"count":1,"href":"https:\/\/ikimisli.tr\/index.php\/wp-json\/wp\/v2\/posts\/18852\/revisions"}],"predecessor-version":[{"id":18855,"href":"https:\/\/ikimisli.tr\/index.php\/wp-json\/wp\/v2\/posts\/18852\/revisions\/18855"}],"wp:featuredmedia":[{"embeddable":true,"href":"https:\/\/ikimisli.tr\/index.php\/wp-json\/wp\/v2\/media\/18853"}],"wp:attachment":[{"href":"https:\/\/ikimisli.tr\/index.php\/wp-json\/wp\/v2\/media?parent=18852"}],"wp:term":[{"taxonomy":"category","embeddable":true,"href":"https:\/\/ikimisli.tr\/index.php\/wp-json\/wp\/v2\/categories?post=18852"},{"taxonomy":"post_tag","embeddable":true,"href":"https:\/\/ikimisli.tr\/index.php\/wp-json\/wp\/v2\/tags?post=18852"}],"curies":[{"name":"wp","href":"https:\/\/api.w.org\/{rel}","templated":true}]}}