{"id":18917,"date":"2025-03-09T12:00:08","date_gmt":"2025-03-09T12:00:08","guid":{"rendered":"https:\/\/ikimisli.tr\/?p=18917"},"modified":"2025-03-09T12:00:08","modified_gmt":"2025-03-09T12:00:08","slug":"baykar-italyan-sirkette-gizli-proje-icin-anlasiyor","status":"publish","type":"post","link":"https:\/\/ikimisli.tr\/index.php\/2025\/03\/09\/baykar-italyan-sirkette-gizli-proje-icin-anlasiyor\/","title":{"rendered":"Baykar, \u0130talyan \u015firkette gizli proje i\u00e7in anla\u015f\u0131yor"},"content":{"rendered":"<div>\n<div>\n<div>\n<div>\n<div>\u0130talyan savunma ve havac\u0131l\u0131k \u015firketi Leonardo, T\u00fcrk drone \u00fcreticisi Baykar ile insans\u0131z sistemler \u00fczerine bir i\u015ftirak kurmaya haz\u0131rlan\u0131yor.<\/div>\n<div>\u00a0<\/div>\n<div>Konuya yak\u0131n bir kaynak, mutabakat\u0131n son basamakta oldu\u011funu belirtti. Baykar dronlar\u0131, Ukrayna\u2019n\u0131n Rus g\u00fc\u00e7lerine kar\u015f\u0131 y\u00fcr\u00fctt\u00fc\u011f\u00fc sava\u015fta, ayr\u0131yeten Azerbaycan ve Kuzey Afrika\u2019daki askeri kampanyalarda kullan\u0131lmas\u0131yla global \u00f6l\u00e7ekte dikkat \u00e7ekmi\u015fti.<\/div>\n<\/p><\/div>\n<\/p><\/div>\n<\/p><\/div>\n<\/p><\/div>\n<div>\n<div>\n<div>\n<div>\n<div>\n<div>\n<p>Baykar, d\u00fcnyan\u0131n \u00f6nde gelen drone ihracat\u00e7\u0131lar\u0131ndan biri haline geldi ve Aral\u0131k ay\u0131nda, 2018\u2019de iflas muhafazas\u0131na ba\u015fvuran ve \u0130talya h\u00fck\u00fcmeti denetiminde y\u00f6netilen Piaggio Aerospace\u2019i sat\u0131n ald\u0131.<\/p>\n<p>\u0130talya Sanayi Bakan\u0131, bu sat\u0131n alman\u0131n akabinde, \u0130talya ve Baykar aras\u0131nda sanayi i\u015f birli\u011fi fikrine ilgi g\u00f6sterdi\u011fini a\u00e7\u0131klad\u0131.<\/p>\n<p>\u0130talyan savunma haber sitesi RID, Leonardo-Baykar mutabakat\u0131n\u0131n bir ortak te\u015febb\u00fcse d\u00f6n\u00fc\u015febilece\u011fini bildirdi.<\/p>\n<p>E\u011fer ger\u00e7ekle\u015firse, bu i\u015ftirak hem T\u00fcrkiye hem de \u0130talya\u2019n\u0131n savunma ve havac\u0131l\u0131k dallar\u0131nda daha g\u00fc\u00e7l\u00fc bir i\u015f birli\u011fi kurmas\u0131n\u0131n \u00f6n\u00fcn\u00fc a\u00e7abilir.<\/p>\n<\/p><\/div>\n<\/p><\/div>\n<\/p><\/div>\n<\/p><\/div>\n<\/p><\/div>\n<\/p><\/div>\n","protected":false},"excerpt":{"rendered":"<p>Leonardo ve Baykar ortas\u0131nda insans\u0131z sistemler \u00fczerine bir payda\u015fl\u0131k mutabakat\u0131 son a\u015famada. Bu i\u015f birli\u011fi, savunma ve havac\u0131l\u0131k alan\u0131nda T\u00fcrkiye ve \u0130talya ortas\u0131nda g\u00fc\u00e7l\u00fc bir sanayi payda\u015fl\u0131\u011f\u0131 do\u011furabilir.<\/p>\n","protected":false},"author":1,"featured_media":18918,"comment_status":"open","ping_status":"open","sticky":false,"template":"","format":"standard","meta":{"footnotes":""},"categories":[43],"tags":[3731,140],"class_list":["post-18917","post","type-post","status-publish","format-standard","has-post-thumbnail","hentry","category-dunya","tag-baykar","tag-italya"],"_links":{"self":[{"href":"https:\/\/ikimisli.tr\/index.php\/wp-json\/wp\/v2\/posts\/18917","targetHints":{"allow":["GET"]}}],"collection":[{"href":"https:\/\/ikimisli.tr\/index.php\/wp-json\/wp\/v2\/posts"}],"about":[{"href":"https:\/\/ikimisli.tr\/index.php\/wp-json\/wp\/v2\/types\/post"}],"author":[{"embeddable":true,"href":"https:\/\/ikimisli.tr\/index.php\/wp-json\/wp\/v2\/users\/1"}],"replies":[{"embeddable":true,"href":"https:\/\/ikimisli.tr\/index.php\/wp-json\/wp\/v2\/comments?post=18917"}],"version-history":[{"count":1,"href":"https:\/\/ikimisli.tr\/index.php\/wp-json\/wp\/v2\/posts\/18917\/revisions"}],"predecessor-version":[{"id":18919,"href":"https:\/\/ikimisli.tr\/index.php\/wp-json\/wp\/v2\/posts\/18917\/revisions\/18919"}],"wp:featuredmedia":[{"embeddable":true,"href":"https:\/\/ikimisli.tr\/index.php\/wp-json\/wp\/v2\/media\/18918"}],"wp:attachment":[{"href":"https:\/\/ikimisli.tr\/index.php\/wp-json\/wp\/v2\/media?parent=18917"}],"wp:term":[{"taxonomy":"category","embeddable":true,"href":"https:\/\/ikimisli.tr\/index.php\/wp-json\/wp\/v2\/categories?post=18917"},{"taxonomy":"post_tag","embeddable":true,"href":"https:\/\/ikimisli.tr\/index.php\/wp-json\/wp\/v2\/tags?post=18917"}],"curies":[{"name":"wp","href":"https:\/\/api.w.org\/{rel}","templated":true}]}}