{"id":19059,"date":"2025-03-09T20:48:08","date_gmt":"2025-03-09T20:48:08","guid":{"rendered":"https:\/\/ikimisli.tr\/?p=19059"},"modified":"2025-03-09T20:48:08","modified_gmt":"2025-03-09T20:48:08","slug":"turkiye-2024-yilinda-60-milyon-dolarlik-zeytin-ihrac-etti","status":"publish","type":"post","link":"https:\/\/ikimisli.tr\/index.php\/2025\/03\/09\/turkiye-2024-yilinda-60-milyon-dolarlik-zeytin-ihrac-etti\/","title":{"rendered":"T\u00fcrkiye 2024 y\u0131l\u0131nda 60 milyon dolarl\u0131k zeytin ihra\u00e7 etti"},"content":{"rendered":"<p>T\u00fcrkiye&#8217;den yap\u0131lan siyah zeytin ihracat\u0131, 2023&#8217;e nazaran y\u00fczde 25,4 artarak ge\u00e7en y\u0131l 52 milyon 352 bin dolara ula\u015ft\u0131.<\/p>\n<p>Siyah zeytin \u00fcreticileri 2024&#8217;te en fazla d\u0131\u015f sat\u0131m\u0131 Almanya&#8217;ya yapt\u0131. Bu \u00fclkeye ge\u00e7en y\u0131l yap\u0131lan siyah zeytin ihracat\u0131, 2023&#8217;e nazaran y\u00fczde 19,62 artarak, 24 milyon 146 bin dolardan 28 milyon 884 bin dolara y\u00fckseldi.<\/p>\n<p>\u0130kinci s\u0131radaki ABD&#8217;ye ger\u00e7ekle\u015ftirilen d\u0131\u015f sat\u0131m ise y\u00fczde 15,57&#8217;lik art\u0131\u015fla 2 milyon 967 bin dolardan 3 milyon 429 bin dolara ula\u015ft\u0131. Kesim temsilcilerinin \u00fc\u00e7\u00fcnc\u00fc s\u0131radaki Hollanda&#8217;ya 2023&#8217;te yapt\u0131\u011f\u0131 1 milyon 806 bin dolarl\u0131k ihracat, 2024&#8217;te y\u00fczde 38,34 artarak 2 milyon 499 bin dolar oldu.<\/p>\n<p>Siyah zeytin \u00fcreticilerinin Kuzey Makedonya&#8217;ya yapt\u0131\u011f\u0131 ihracatta \u00f6nemli art\u0131\u015f g\u00f6r\u00fcld\u00fc. Bu \u00fclkeye yap\u0131lan d\u0131\u015f sat\u0131m y\u00fczde 1477&#8217;lik art\u0131\u015fla 9 bin dolardan 151 bin dolara \u00e7\u0131kt\u0131.<\/p>\n<p>Bir evvelki y\u0131l 350 bin dolarl\u0131k d\u0131\u015f sat\u0131m yap\u0131lan Avustralya&#8217;ya, 2024&#8217;te y\u00fczde 199&#8217;luk art\u0131\u015fla 1 milyon 50 bin dolarl\u0131k siyah zeytin sat\u0131ld\u0131.<\/p>\n<p>2023&#8217;te d\u0131\u015f sat\u0131m\u0131n olmad\u0131\u011f\u0131 Kosova, Finlandiya, \u00c7in, Litvanya ve Angola&#8217;ya ge\u00e7en y\u0131l siyah zeytin ihracat\u0131 yap\u0131ld\u0131.<\/p>\n<p><b>YE\u015e\u0130L ZEYT\u0130N \u0130HRACATINDA \u00dcRD\u00dcN&#8217;E Y\u00dcZDE 399&#8217;L\u0130K ARTI\u015e<\/b><\/p>\n<p>T\u00fcrkiye&#8217;den yap\u0131lan ye\u015fil zeytin ihracat\u0131, 2023&#8217;e nazaran y\u00fczde 3,6 artarak 2024&#8217;te 7 milyon 457 bin dolara ula\u015ft\u0131.<\/p>\n<p>Sekt\u00f6r temsilcilerinin ye\u015fil zeytinde de en fazla d\u0131\u015f sat\u0131m\u0131 Almanya&#8217;ya yapt\u0131. Bu \u00fclkeye ge\u00e7en y\u0131l yap\u0131lan ye\u015fil zeytin ihracat\u0131, 2023&#8217;e nazaran y\u00fczde 0,47 artarak, 3 milyon 300 bin dolardan 3 milyon 315 dolara y\u00fckseldi.<\/p>\n<p>Listenin ikinci s\u0131ras\u0131ndaki Birle\u015fik Krall\u0131k&#8217;a ihracat da y\u00fczde 85,51&#8217;lik art\u0131\u015fla 445 bin dolardan 826 bin dolara \u00e7\u0131kt\u0131.<\/p>\n<p>\u00dc\u00e7\u00fcnc\u00fc s\u0131radaki ABD&#8217;ye 2023&#8217;te yap\u0131lan 440 bin dolarl\u0131k d\u0131\u015f sat\u0131m, y\u00fczde 37 artarak 2024&#8217;te 603 bin dolar olarak kay\u0131tlara ge\u00e7ti.<\/p>\n<p>Ye\u015fil zeytin \u00fcreticilerinin \u00dcrd\u00fcn&#8217;e yapt\u0131\u011f\u0131 ihracatta \u00f6nemli art\u0131\u015f g\u00f6r\u00fcld\u00fc. Bu \u00fclkeye yap\u0131lan d\u0131\u015f sat\u0131m y\u00fczde 398&#8217;lik art\u0131\u015fla 6 bin dolardan 32 bin dolara \u00e7\u0131kt\u0131.<\/p>\n<p>Bir evvelki y\u0131l 32 bin dolarl\u0131k d\u0131\u015f sat\u0131m yap\u0131lan Irak&#8217;a, 2024&#8217;te y\u00fczde 257 art\u0131\u015fla 116 bin dolarl\u0131k ye\u015fil zeytin sat\u0131ld\u0131.<\/p>\n<p>2023&#8217;te d\u0131\u015f sat\u0131m\u0131n olmad\u0131\u011f\u0131 Finlandiya, \u00c7in, Karada\u011f, Kosova, S\u0131rbistan ve Angola&#8217;ya ge\u00e7en y\u0131l, ye\u015fil zeytin ihra\u00e7 edildi.<\/p>\n<p>\u00a0<\/p>\n","protected":false},"excerpt":{"rendered":"<p>Uluda\u011f \u0130hracat\u00e7\u0131 Birlikleri (U\u0130B) kay\u0131tlar\u0131ndan derledi\u011fi bilgiye nazaran, kelam konusu alandaki \u00fcreticiler ge\u00e7en y\u0131l 48 \u00fclkeye d\u0131\u015f sat\u0131m yapt\u0131. Dal temsilcileri, siyah ve ye\u015fil zeytin ihracat\u0131n\u0131 2023&#8217;e nazaran y\u00fczde 29 art\u0131rarak 48 milyon 295 bin dolardan, 59 milyon 809 bin dolara y\u00fckseltti.<\/p>\n","protected":false},"author":1,"featured_media":19060,"comment_status":"open","ping_status":"open","sticky":false,"template":"","format":"standard","meta":{"footnotes":""},"categories":[24],"tags":[2691,3750,3518,100,3751],"class_list":["post-19059","post","type-post","status-publish","format-standard","has-post-thumbnail","hentry","category-ekonomi","tag-artisla","tag-dis-satim","tag-ihracati","tag-milyon","tag-yesil-zeytin"],"_links":{"self":[{"href":"https:\/\/ikimisli.tr\/index.php\/wp-json\/wp\/v2\/posts\/19059","targetHints":{"allow":["GET"]}}],"collection":[{"href":"https:\/\/ikimisli.tr\/index.php\/wp-json\/wp\/v2\/posts"}],"about":[{"href":"https:\/\/ikimisli.tr\/index.php\/wp-json\/wp\/v2\/types\/post"}],"author":[{"embeddable":true,"href":"https:\/\/ikimisli.tr\/index.php\/wp-json\/wp\/v2\/users\/1"}],"replies":[{"embeddable":true,"href":"https:\/\/ikimisli.tr\/index.php\/wp-json\/wp\/v2\/comments?post=19059"}],"version-history":[{"count":1,"href":"https:\/\/ikimisli.tr\/index.php\/wp-json\/wp\/v2\/posts\/19059\/revisions"}],"predecessor-version":[{"id":19061,"href":"https:\/\/ikimisli.tr\/index.php\/wp-json\/wp\/v2\/posts\/19059\/revisions\/19061"}],"wp:featuredmedia":[{"embeddable":true,"href":"https:\/\/ikimisli.tr\/index.php\/wp-json\/wp\/v2\/media\/19060"}],"wp:attachment":[{"href":"https:\/\/ikimisli.tr\/index.php\/wp-json\/wp\/v2\/media?parent=19059"}],"wp:term":[{"taxonomy":"category","embeddable":true,"href":"https:\/\/ikimisli.tr\/index.php\/wp-json\/wp\/v2\/categories?post=19059"},{"taxonomy":"post_tag","embeddable":true,"href":"https:\/\/ikimisli.tr\/index.php\/wp-json\/wp\/v2\/tags?post=19059"}],"curies":[{"name":"wp","href":"https:\/\/api.w.org\/{rel}","templated":true}]}}