{"id":19142,"date":"2025-03-10T01:24:07","date_gmt":"2025-03-10T01:24:07","guid":{"rendered":"https:\/\/ikimisli.tr\/?p=19142"},"modified":"2025-03-10T01:24:07","modified_gmt":"2025-03-10T01:24:07","slug":"o-ulkede-turkce-resmi-dil-oldu","status":"publish","type":"post","link":"https:\/\/ikimisli.tr\/index.php\/2025\/03\/10\/o-ulkede-turkce-resmi-dil-oldu\/","title":{"rendered":"O \u00fclkede T\u00fcrk\u00e7e resmi dil oldu"},"content":{"rendered":"<p>Kosova&#8217;n\u0131n orta k\u0131s\u0131mlar\u0131nda yer alan Lipyan Belediyesi, tarihi bir ad\u0131m atarak T\u00fcrk\u00e7e&#8217;yi resmi lisan olarak kabul etti. Bu karar, Kosova&#8217;daki T\u00fcrk n\u00fcfusunun haklar\u0131n\u0131n g\u00fc\u00e7lendirilmesi ve b\u00f6lgedeki k\u00fclt\u00fcrel \u00e7e\u015fitlili\u011fin korunmas\u0131 a\u00e7\u0131s\u0131ndan b\u00fcy\u00fck ehemmiyet ta\u015f\u0131yor.<\/p>\n<p>Lipyan Belediye Meclisi&#8217;nde yap\u0131lan oturumda, Kosova Demokratik T\u00fcrk Partisi (KDTP) Milletvekili Enis Kervan&#8217;\u0131n te\u015febb\u00fcs\u00fcyle T\u00fcrk\u00e7e&#8217;nin &#8220;resmi kullan\u0131mda dil&#8221; stat\u00fcs\u00fc kazanmas\u0131 oy birli\u011fiyle kabul edildi. Bu karar, Kosova&#8217;da T\u00fcrk\u00e7e&#8217;nin resmi lisan olarak kabul edilmesi konusunda de\u011ferli bir d\u00f6n\u00fcm noktas\u0131 olarak bedellendiriliyor ve Balkanlar&#8217;daki \u00f6b\u00fcr \u00fclkelerde de emsal ad\u0131mlar\u0131n at\u0131lmas\u0131na \u00f6nc\u00fcl\u00fck etmesi bekleniyor.<\/p>\n<p><strong>T\u00fcrk\u00e7e&#8217;nin Resmi Lisan Oldu\u011fu Belediyeler Art\u0131yor<\/strong><\/p>\n<p>T\u00fcrk\u00e7e, Lipyan Belediyesi&#8217;nin yan\u0131 s\u0131ra, halihaz\u0131rda Kosova&#8217;n\u0131n Prizren ve Mamu\u015fa belediyelerinde de &#8220;resmi dil&#8221; stat\u00fcs\u00fcnde kabul ediliyor. Pri\u015ftine, Gilan, V\u0131\u00e7\u0131t\u0131r\u0131n, G\u00fcney Mitrovi\u00e7a ve Kuzey Mitrovi\u00e7a belediyelerinde ise T\u00fcrk\u00e7e, &#8220;resmi kullan\u0131mda dil&#8221; stat\u00fcs\u00fcnde yer al\u0131yor. Kosova maddelerine nazaran, bir belediye hudutlar\u0131nda kl\u00e2sik olarak konu\u015fulan bir lisan, temsil oran\u0131na bak\u0131lmaks\u0131z\u0131n &#8220;resmi kullan\u0131mda dil&#8221; stat\u00fcs\u00fcne sahip olabiliyor. Bu nedenle T\u00fcrk\u00e7e, Kosova&#8217;n\u0131n birtak\u0131m belediyelerinde resmi kullan\u0131mda lisan olarak kabul ediliyor.<\/p>\n<p>Ancak bu stat\u00fc, belediyelerin sorumluluk alanlar\u0131nda T\u00fcrk\u00e7e&#8217;nin zarur\u00ee kullan\u0131lmas\u0131n\u0131 gerektirmiyor; yaln\u0131zca T\u00fcrk\u00e7e&#8217;nin resmi kullan\u0131ma a\u00e7\u0131k oldu\u011funu belirtiyor.<\/p>\n","protected":false},"excerpt":{"rendered":"<p>Eski Osmanl\u0131 b\u00f6lgelerinden olan Balkanlarda bir geli\u015fme ya\u015fand\u0131. T\u00fcrkiye resmi lisan\u0131 olan T\u00fcrk\u00e7e art\u0131k o \u00fclkede de remi lisan olarak kabul edildi<\/p>\n","protected":false},"author":1,"featured_media":19143,"comment_status":"open","ping_status":"open","sticky":false,"template":"","format":"standard","meta":{"footnotes":""},"categories":[25],"tags":[40,610,3767,680,163],"class_list":["post-19142","post","type-post","status-publish","format-standard","has-post-thumbnail","hentry","category-gundem","tag-belediye","tag-dil","tag-kosova","tag-resmi","tag-turk"],"_links":{"self":[{"href":"https:\/\/ikimisli.tr\/index.php\/wp-json\/wp\/v2\/posts\/19142","targetHints":{"allow":["GET"]}}],"collection":[{"href":"https:\/\/ikimisli.tr\/index.php\/wp-json\/wp\/v2\/posts"}],"about":[{"href":"https:\/\/ikimisli.tr\/index.php\/wp-json\/wp\/v2\/types\/post"}],"author":[{"embeddable":true,"href":"https:\/\/ikimisli.tr\/index.php\/wp-json\/wp\/v2\/users\/1"}],"replies":[{"embeddable":true,"href":"https:\/\/ikimisli.tr\/index.php\/wp-json\/wp\/v2\/comments?post=19142"}],"version-history":[{"count":1,"href":"https:\/\/ikimisli.tr\/index.php\/wp-json\/wp\/v2\/posts\/19142\/revisions"}],"predecessor-version":[{"id":19144,"href":"https:\/\/ikimisli.tr\/index.php\/wp-json\/wp\/v2\/posts\/19142\/revisions\/19144"}],"wp:featuredmedia":[{"embeddable":true,"href":"https:\/\/ikimisli.tr\/index.php\/wp-json\/wp\/v2\/media\/19143"}],"wp:attachment":[{"href":"https:\/\/ikimisli.tr\/index.php\/wp-json\/wp\/v2\/media?parent=19142"}],"wp:term":[{"taxonomy":"category","embeddable":true,"href":"https:\/\/ikimisli.tr\/index.php\/wp-json\/wp\/v2\/categories?post=19142"},{"taxonomy":"post_tag","embeddable":true,"href":"https:\/\/ikimisli.tr\/index.php\/wp-json\/wp\/v2\/tags?post=19142"}],"curies":[{"name":"wp","href":"https:\/\/api.w.org\/{rel}","templated":true}]}}