{"id":19327,"date":"2025-03-28T00:12:08","date_gmt":"2025-03-28T00:12:08","guid":{"rendered":"https:\/\/ikimisli.tr\/?p=19327"},"modified":"2025-03-28T00:12:08","modified_gmt":"2025-03-28T00:12:08","slug":"ilaci-devlet-karsilasa-bile-eczaneye-giden-artik-bu-parayi-odeyecek","status":"publish","type":"post","link":"https:\/\/ikimisli.tr\/index.php\/2025\/03\/28\/ilaci-devlet-karsilasa-bile-eczaneye-giden-artik-bu-parayi-odeyecek\/","title":{"rendered":"\u0130lac\u0131 devlet kar\u015f\u0131lasa bile eczaneye giden art\u0131k bu paray\u0131 \u00f6deyecek"},"content":{"rendered":"<p>Sosyal G\u00fcvenlik Kurumu (SGK) taraf\u0131ndan Resmi Gazete&#8217;de yay\u0131mlanan bildirim ile muayene i\u015ftirak hissesi fiyatlar\u0131nda de\u011fi\u015fikli\u011fe gidildi\u011fi ilan edildi.\u00a0<\/p>\n<p>D\u00fczenleme ile birlikte halihaz\u0131rda 6 TL olan &#8216;\u0130kinci basamak resmi s\u0131hhat hizmeti sunucular\u0131nda&#8217; muayene i\u015ftirak hissesi 20 liraya, \u00fcniversiteler ile ortak kullan\u0131lan Sa\u011fl\u0131k Bakanl\u0131\u011f\u0131 e\u011fitim ve ara\u015ft\u0131rma hastanelerinde 7 liradan 45 liraya, \u00f6zel hastanelerde ise 8 liradan 50 liraya y\u00fckseltildi.\u00a0<\/p>\n<p><strong>EMEKL\u0130N\u0130N MAA\u015eINDAN, VATANDA\u015eIN CEB\u0130NDEN KES\u0130LECEK<\/strong><\/p>\n<p>S\u00f6z konusu d\u00fczenleme sonucunda zamlanan yeni muayene i\u015ftirak hissesi fiyatlar\u0131, SGK&#8217;dan maa\u015f alan vatanda\u015flar\u0131n ayl\u0131klar\u0131ndan tahsil edilecek. Bu kapsam\u0131n d\u0131\u015f\u0131nda kalanlar ise, muayene i\u015ftirak hisselerini re\u00e7etelerini temin edecekleri s\u0131rada eczaneye \u00f6demek zorunda kalacaklar.\u00a0<\/p>\n<p><img decoding=\"async\" src=\"https:\/\/ikimisli.tr\/wp-content\/uploads\/2025\/03\/ilaci-devlet-karsilasa-bile-eczaneye-giden-artik-bu-parayi-odeyecek-0-HGzAsquN.jpg\"\/><\/p>\n<p>Al\u0131nacak ila\u00e7 SGK&#8217;n\u0131n \u00f6deme listesinde bulunsa bile, i\u015ftirak hissesini \u00f6demeyen vatanda\u015flara ila\u00e7 verilmeyecek. Bu duruma isyan eden T\u00fcm Eczac\u0131 \u0130\u015fverenler Sendikas\u0131 Genel Lideri Nurten Saydan, \u201cEczac\u0131lar olarak asl\u0131nda muayene fiyat\u0131 konusunda vatanda\u015fla kar\u015f\u0131 kar\u015f\u0131ya b\u0131rak\u0131ld\u0131k. Art\u0131k bir de artan fiyatlar sonucunda nas\u0131l bir durumda kalaca\u011f\u0131z bilemiyoruz\u201d dedi.<\/p>\n<p><strong>&#8220;ECZANELER, VEZNE OLARAK KULLANILIYOR&#8221;<\/strong><\/p>\n<p>Saydan a\u00e7\u0131klamas\u0131nda \u015funlar\u0131 s\u00f6yledi:<\/p>\n<p>\u201cSGK&#8217;l\u0131 vatanda\u015flar\u0131n muayene fiyatlar\u0131n\u0131 tahsil etmek asla bizim vazifemiz olamaz. Bu angaryad\u0131r, bizlerin misyonu eczanelerimizde vatanda\u015flar\u0131m\u0131za ila\u00e7 ve dan\u0131\u015fmanl\u0131k hizmeti vermektir. Eczanelerimiz Kurumun muayene fiyatlar\u0131n\u0131n tahsil yeri olamaz. Hasta vatanda\u015flar\u0131m\u0131z hakl\u0131 olarak soruyor: \u201cBeni sen mi muayene ettin, neden sen al\u0131yorsun?\u201c\u00a0 Hastanelerden tahsilinin g\u00fc\u00e7 oldu\u011fu m\u00fcnasebeti ile kurum taraf\u0131ndan bu talebimiz daima reddedilmi\u015ftir. \u00d6zel hastanelerde, devlet hastanelerinde vezneler olmas\u0131na kar\u015f\u0131n 30 bin eczane muayene tahsil veznesi olarak kullan\u0131l\u0131yor.<\/p>\n<p><img decoding=\"async\" src=\"https:\/\/ikimisli.tr\/wp-content\/uploads\/2025\/03\/ilaci-devlet-karsilasa-bile-eczaneye-giden-artik-bu-parayi-odeyecek-1-qdlZ3tmx.jpg\"\/><\/p>\n<p><strong>&#8220;MUAYENE F\u0130YATI TAHS\u0130L ETMEK \u0130STEM\u0130YORUZ&#8221;<\/strong><\/p>\n<p>Hastaneye giden vatanda\u015f\u0131m\u0131z eczanemize geldi\u011finde o g\u00fcnk\u00fc muayene fiyat\u0131 \u00e7\u0131km\u0131yor. Hastane ne vakit fatura keserse bu da yakla\u015f\u0131k olarak en az 1 ay yahut daha fazla olmaktad\u0131r. Vatanda\u015f hastaneye gidip eczanemize geldi\u011finde o g\u00fcnk\u00fc muayene oldu\u011fu fiyat de\u011fil, varsa eski muayene fiyatlar\u0131 \u00e7\u0131k\u0131yor. Bu da hastalarla bizi kar\u015f\u0131 kar\u015f\u0131ya getiriyor. \u0130la\u00e7 dan\u0131\u015fmanl\u0131\u011f\u0131 yerine \u201cmuayene fiyat\u0131 dan\u0131\u015fmanl\u0131\u011f\u0131 ve tahsildarl\u0131\u011f\u0131\u201d vazifesi yap\u0131yoruz.<\/p>\n<p>Vatanda\u015f bilmeli ki; muayene i\u015ftirak hissesini, ila\u00e7 i\u015ftirak hissesi fiyatlar\u0131n\u0131 eczanelerimize SGK istedi\u011fi i\u00e7in \u00f6d\u00fcyorlar. Sosyal g\u00fcvenlik kurumu eczanelerimiz arac\u0131l\u0131\u011f\u0131 ile hastanelerin muayene ve re\u00e7ete ba\u015f\u0131na al\u0131nan fiyatlar\u0131 eczac\u0131lara tahsil ettiriyor. Bizler muayene fiyat\u0131 tahsil etmek istemiyoruz. Eczac\u0131lar olarak sab\u0131rla eczac\u0131y\u0131 ve hastay\u0131 kar\u015f\u0131 kar\u015f\u0131ya getiren bu uygulamadan vazge\u00e7ilmesini<\/p>\n","protected":false},"excerpt":{"rendered":"<p>Resmi Gazete&#8217;de yay\u0131mlanan bildirim ile s\u0131hhat hizmetlerinden al\u0131nacak i\u015ftirak hissesi fiyatlar\u0131 de\u011fi\u015fti. Belirlenen yeni kesinti mebla\u011flar\u0131, halihaz\u0131rda SGK&#8217;dan maa\u015f alan emeklilerin ayl\u0131klar\u0131ndan tahsil edilirken, emekli olmayanlar ise kesinti fiyatlar\u0131n\u0131 eczanelerden ila\u00e7 ald\u0131klar\u0131 s\u0131rada \u00f6deyecek. Eczac\u0131lar de\u011fi\u015fikli\u011fe reaksiyon g\u00f6sterirken, vatanda\u015flar ile kar\u015f\u0131 kar\u015f\u0131ya b\u0131rak\u0131ld\u0131klar\u0131n\u0131 belirtti.<\/p>\n","protected":false},"author":1,"featured_media":19328,"comment_status":"open","ping_status":"open","sticky":false,"template":"","format":"standard","meta":{"footnotes":""},"categories":[25],"tags":[2395,519,2456,3785,3786],"class_list":["post-19327","post","type-post","status-publish","format-standard","has-post-thumbnail","hentry","category-gundem","tag-eczane","tag-hasta","tag-muayene","tag-tahsil","tag-ucretler"],"_links":{"self":[{"href":"https:\/\/ikimisli.tr\/index.php\/wp-json\/wp\/v2\/posts\/19327","targetHints":{"allow":["GET"]}}],"collection":[{"href":"https:\/\/ikimisli.tr\/index.php\/wp-json\/wp\/v2\/posts"}],"about":[{"href":"https:\/\/ikimisli.tr\/index.php\/wp-json\/wp\/v2\/types\/post"}],"author":[{"embeddable":true,"href":"https:\/\/ikimisli.tr\/index.php\/wp-json\/wp\/v2\/users\/1"}],"replies":[{"embeddable":true,"href":"https:\/\/ikimisli.tr\/index.php\/wp-json\/wp\/v2\/comments?post=19327"}],"version-history":[{"count":1,"href":"https:\/\/ikimisli.tr\/index.php\/wp-json\/wp\/v2\/posts\/19327\/revisions"}],"predecessor-version":[{"id":19331,"href":"https:\/\/ikimisli.tr\/index.php\/wp-json\/wp\/v2\/posts\/19327\/revisions\/19331"}],"wp:featuredmedia":[{"embeddable":true,"href":"https:\/\/ikimisli.tr\/index.php\/wp-json\/wp\/v2\/media\/19328"}],"wp:attachment":[{"href":"https:\/\/ikimisli.tr\/index.php\/wp-json\/wp\/v2\/media?parent=19327"}],"wp:term":[{"taxonomy":"category","embeddable":true,"href":"https:\/\/ikimisli.tr\/index.php\/wp-json\/wp\/v2\/categories?post=19327"},{"taxonomy":"post_tag","embeddable":true,"href":"https:\/\/ikimisli.tr\/index.php\/wp-json\/wp\/v2\/tags?post=19327"}],"curies":[{"name":"wp","href":"https:\/\/api.w.org\/{rel}","templated":true}]}}