{"id":19520,"date":"2025-03-28T10:24:09","date_gmt":"2025-03-28T10:24:09","guid":{"rendered":"https:\/\/ikimisli.tr\/?p=19520"},"modified":"2025-03-28T10:24:09","modified_gmt":"2025-03-28T10:24:09","slug":"2-bin-300-yillik-dans-eden-cuce","status":"publish","type":"post","link":"https:\/\/ikimisli.tr\/index.php\/2025\/03\/28\/2-bin-300-yillik-dans-eden-cuce\/","title":{"rendered":"2 bin 300 y\u0131ll\u0131k &#8216;dans eden c\u00fcce&#8217;"},"content":{"rendered":"<p>Yaln\u0131zca 10 santimetre uzunlu\u011funda olan bu heykel, Yunan sanat\u0131nda g\u00f6r\u00fclen klasik \u00e7\u0131plakl\u0131k gelene\u011fini, Ptolemaios periyodu M\u0131s\u0131r\u2019\u0131n\u0131n \u015f\u0131k anatomik ayr\u0131nt\u0131lar\u0131yla birle\u015ftiriyor. Heykelin bedenindeki kas yap\u0131s\u0131, o periyotta sanat\u0131n insan formunu ne kadar ayr\u0131nt\u0131l\u0131 i\u015fledi\u011fini g\u00f6steriyor.<\/p>\n<p><b>TOPLUMUN C\u00dcCELERE BAKI\u015eI NASILDI?<\/b><\/p>\n<p>Antik Yunan sanat\u0131nda c\u00fcceler ekseriyetle abart\u0131l\u0131 yahut grotesk bir halde tasvir edilirken, M\u0131s\u0131r\u2019da c\u00fcceler toplumun onurlu bir mod\u00fcl\u00fc olarak kabul ediliyordu.<\/p>\n<p>Bu durum, heykelin M\u0131s\u0131r\u2019a has bir anlay\u0131\u015f\u0131 yans\u0131tt\u0131\u011f\u0131n\u0131 g\u00f6steriyor. M\u0131s\u0131r k\u00fclt\u00fcr\u00fcnde c\u00fcceler, ekseriyetle soylular\u0131n ve firavunlar\u0131n hanelerinde de\u011ferli roller \u00fcstlenmi\u015f ve h\u00fcrmet g\u00f6rm\u00fc\u015ft\u00fcr.<\/p>\n<p>M\u0131s\u0131r mitolojisinde Bes \u0130lah\u0131, g\u00fc\u00e7l\u00fc kas yap\u0131s\u0131yla tan\u0131mlanan bir sava\u015f\u00e7\u0131, dans\u00e7\u0131 ve kollay\u0131c\u0131 fig\u00fcr olarak bilinir.<\/p>\n<p>Kad\u0131nlar\u0131 do\u011fum s\u0131ras\u0131nda koruyan ve rit\u00fcellerde s\u0131k\u00e7a yer alan bu ilah, c\u00fccelik kavram\u0131na olumlu bir mana y\u00fcklemi\u015ftir. Heykelin, Bes Tanr\u0131s\u0131\u2019ndan ilham alm\u0131\u015f olabilece\u011fi d\u00fc\u015f\u00fcn\u00fclmektedir.<\/p>\n<p><b>ANT\u0130K B\u0130R GELENEK: DANS EDEN C\u00dcCELER<\/b><\/p>\n<p>Heykelde tasvir edilen c\u00fcce dans\u00e7\u0131, bir perk\u00fcsyon enstr\u00fcman\u0131 tutuyor olabilir. Bu durum, M\u0131s\u0131r\u2019daki c\u00fccelerin sanatsal ve rit\u00fcel \u00f6m\u00fcrde etkin bir rol oynad\u0131\u011f\u0131n\u0131 g\u00f6steriyor.<\/p>\n<p>Metropolitan Sanat M\u00fczesi uzmanlar\u0131na nazaran, bu heykel, M\u0131s\u0131r\u2019daki c\u00fccelerin topluma entegrasyonunu ve onlar\u0131n olumlu imaj\u0131n\u0131 yans\u0131t\u0131yor.<\/p>\n","protected":false},"excerpt":{"rendered":"<p>M\u0131s\u0131r\u2019\u0131n Ptolemaios periyoduna ili\u015fkin 2 bin 300 y\u0131ll\u0131k mermer bir heykel, hem antik sanat\u0131n \u015f\u0131k ayr\u0131nt\u0131lar\u0131n\u0131 hem de toplumun c\u00fccelere bak\u0131\u015f a\u00e7\u0131s\u0131n\u0131 g\u00f6zler \u00f6n\u00fcne seriyor. Heykel, dans eden bir c\u00fcceyi tasvir ediyor ve \u015fu anda New York\u2019taki Metropolitan Sanat M\u00fczesi\u2019nde sergileniyor.<\/p>\n","protected":false},"author":1,"featured_media":19521,"comment_status":"open","ping_status":"open","sticky":false,"template":"","format":"standard","meta":{"footnotes":""},"categories":[26],"tags":[3803,1031,893],"class_list":["post-19520","post","type-post","status-publish","format-standard","has-post-thumbnail","hentry","category-kultur-sanat","tag-cuceler","tag-misir","tag-sanat"],"_links":{"self":[{"href":"https:\/\/ikimisli.tr\/index.php\/wp-json\/wp\/v2\/posts\/19520","targetHints":{"allow":["GET"]}}],"collection":[{"href":"https:\/\/ikimisli.tr\/index.php\/wp-json\/wp\/v2\/posts"}],"about":[{"href":"https:\/\/ikimisli.tr\/index.php\/wp-json\/wp\/v2\/types\/post"}],"author":[{"embeddable":true,"href":"https:\/\/ikimisli.tr\/index.php\/wp-json\/wp\/v2\/users\/1"}],"replies":[{"embeddable":true,"href":"https:\/\/ikimisli.tr\/index.php\/wp-json\/wp\/v2\/comments?post=19520"}],"version-history":[{"count":1,"href":"https:\/\/ikimisli.tr\/index.php\/wp-json\/wp\/v2\/posts\/19520\/revisions"}],"predecessor-version":[{"id":19522,"href":"https:\/\/ikimisli.tr\/index.php\/wp-json\/wp\/v2\/posts\/19520\/revisions\/19522"}],"wp:featuredmedia":[{"embeddable":true,"href":"https:\/\/ikimisli.tr\/index.php\/wp-json\/wp\/v2\/media\/19521"}],"wp:attachment":[{"href":"https:\/\/ikimisli.tr\/index.php\/wp-json\/wp\/v2\/media?parent=19520"}],"wp:term":[{"taxonomy":"category","embeddable":true,"href":"https:\/\/ikimisli.tr\/index.php\/wp-json\/wp\/v2\/categories?post=19520"},{"taxonomy":"post_tag","embeddable":true,"href":"https:\/\/ikimisli.tr\/index.php\/wp-json\/wp\/v2\/tags?post=19520"}],"curies":[{"name":"wp","href":"https:\/\/api.w.org\/{rel}","templated":true}]}}