{"id":19568,"date":"2025-03-28T13:12:06","date_gmt":"2025-03-28T13:12:06","guid":{"rendered":"https:\/\/ikimisli.tr\/?p=19568"},"modified":"2025-03-28T13:12:06","modified_gmt":"2025-03-28T13:12:06","slug":"izmirde-deprem-afad-son-bilgiyi-paylasti","status":"publish","type":"post","link":"https:\/\/ikimisli.tr\/index.php\/2025\/03\/28\/izmirde-deprem-afad-son-bilgiyi-paylasti\/","title":{"rendered":"\u0130zmir&#8217;de deprem! AFAD son bilgiyi payla\u015ft\u0131"},"content":{"rendered":"<p>\u0130\u00e7i\u015fleri Bakanl\u0131\u011f\u0131 Afet ve Acil Durum \u0130daresi Ba\u015fkanl\u0131\u011f\u0131 (AFAD) Zelzele Dairesi bilgilerine g\u00f6re, Ege Denizi Ku\u015fadas\u0131 K\u00f6rfezi&#8217;nde 3.9 b\u00fcy\u00fckl\u00fc\u011f\u00fcnde zelzele meydana geldi.<\/p>\n<p>Menderes il\u00e7esi a\u00e7\u0131klar\u0131ndaki sars\u0131nt\u0131n\u0131n derinli\u011fi 7,22 kilometre olarak a\u00e7\u0131kland\u0131. Bilhassa \u0130zmir&#8217;in Menderes ve Seferihisar il\u00e7elerinde de hissedilen sars\u0131nt\u0131, k\u0131sa m\u00fcddetli tedirginli\u011fe neden oldu. Birinci belirlemelere nazaran zelzelede rastgele bir olumsuzluk ya\u015fanmad\u0131.<\/p>\n<div>\n<p>https:\/\/twitter.com\/DepremDairesi\/status\/1883417028129607749<\/p>\n<\/p><\/div>\n<p>\u00a0<\/p>\n","protected":false},"excerpt":{"rendered":"<p>\u0130zmir&#8217;in Menderes il\u00e7esi a\u00e7\u0131klar\u0131nda Richter \u00f6l\u00e7e\u011fine nazaran 3.9 b\u00fcy\u00fckl\u00fc\u011f\u00fcnde zelzele meydana geldi. K\u0131sa m\u00fcddetli tedirginli\u011fe neden olan zelzelede rastgele bir olumsuzluk ya\u015fanmad\u0131.<\/p>\n","protected":false},"author":1,"featured_media":19570,"comment_status":"open","ping_status":"open","sticky":false,"template":"","format":"standard","meta":{"footnotes":""},"categories":[25],"tags":[285],"class_list":["post-19568","post","type-post","status-publish","format-standard","has-post-thumbnail","hentry","category-gundem","tag-deprem"],"_links":{"self":[{"href":"https:\/\/ikimisli.tr\/index.php\/wp-json\/wp\/v2\/posts\/19568","targetHints":{"allow":["GET"]}}],"collection":[{"href":"https:\/\/ikimisli.tr\/index.php\/wp-json\/wp\/v2\/posts"}],"about":[{"href":"https:\/\/ikimisli.tr\/index.php\/wp-json\/wp\/v2\/types\/post"}],"author":[{"embeddable":true,"href":"https:\/\/ikimisli.tr\/index.php\/wp-json\/wp\/v2\/users\/1"}],"replies":[{"embeddable":true,"href":"https:\/\/ikimisli.tr\/index.php\/wp-json\/wp\/v2\/comments?post=19568"}],"version-history":[{"count":1,"href":"https:\/\/ikimisli.tr\/index.php\/wp-json\/wp\/v2\/posts\/19568\/revisions"}],"predecessor-version":[{"id":19571,"href":"https:\/\/ikimisli.tr\/index.php\/wp-json\/wp\/v2\/posts\/19568\/revisions\/19571"}],"wp:featuredmedia":[{"embeddable":true,"href":"https:\/\/ikimisli.tr\/index.php\/wp-json\/wp\/v2\/media\/19570"}],"wp:attachment":[{"href":"https:\/\/ikimisli.tr\/index.php\/wp-json\/wp\/v2\/media?parent=19568"}],"wp:term":[{"taxonomy":"category","embeddable":true,"href":"https:\/\/ikimisli.tr\/index.php\/wp-json\/wp\/v2\/categories?post=19568"},{"taxonomy":"post_tag","embeddable":true,"href":"https:\/\/ikimisli.tr\/index.php\/wp-json\/wp\/v2\/tags?post=19568"}],"curies":[{"name":"wp","href":"https:\/\/api.w.org\/{rel}","templated":true}]}}