{"id":19691,"date":"2025-03-28T19:48:22","date_gmt":"2025-03-28T19:48:22","guid":{"rendered":"https:\/\/ikimisli.tr\/?p=19691"},"modified":"2025-03-28T19:48:22","modified_gmt":"2025-03-28T19:48:22","slug":"annesine-yaptigi-saka-cok-aci-oldu-eve-sag-donemedi","status":"publish","type":"post","link":"https:\/\/ikimisli.tr\/index.php\/2025\/03\/28\/annesine-yaptigi-saka-cok-aci-oldu-eve-sag-donemedi\/","title":{"rendered":"Annesine yapt\u0131\u011f\u0131 \u015faka \u00e7ok ac\u0131 oldu: Eve sa\u011f d\u00f6nemedi"},"content":{"rendered":"<p>Annesiyle her g\u00fcn birlikte oldu\u011funu s\u00f6yleyen bir bayan, &#8220;can\u0131n\u0131n par\u00e7as\u0131&#8221; olarak nitelendirdi\u011fi 52 ya\u015f\u0131ndaki annesini 2021&#8217;de kaybetti. Hala ac\u0131s\u0131n\u0131n taze oldu\u011funu s\u00f6yleyen 30 ya\u015f\u0131ndaki bayan, annesinin vefat\u0131yla ilgili yapt\u0131\u011f\u0131 &#8220;\u015fakan\u0131n&#8221; hala can\u0131n\u0131 yakt\u0131\u011f\u0131n\u0131 s\u00f6yledi&#8230;<\/p>\n<p>ABD, Pennsylvania&#8217;da ya\u015fayan 30 ya\u015f\u0131ndaki Maureen Branigan, annesiyle bir g\u00fcn ge\u00e7irdikten sonra konutuna d\u00f6nd\u00fc. Annesinin de konutuna d\u00f6nd\u00fc\u011f\u00fcn\u00fc d\u00fc\u015f\u00fcnd\u00fc fakat bekledi\u011fi \u00fczere olmad\u0131&#8230;<\/p>\n<p><b>&#8220;EVE SA\u011e SAL\u0130M VARDIN MI&#8221; D\u0130YE LAT\u0130FE YAPMI\u015eTI<\/b><\/p>\n<p>Maureen, payla\u015f\u0131m\u0131nda 52 ya\u015f\u0131ndaki annesinin vefat\u0131ndan evvel ona yapt\u0131\u011f\u0131 latifeyi unutamad\u0131\u011f\u0131n\u0131 anlatt\u0131. Maureen, annesine att\u0131\u011f\u0131 son iletide onun otomobilde can verdi\u011finden habersiz halde &#8220;Eve sa\u011f salim vard\u0131n m\u0131 hahah!&#8221; diye yazm\u0131\u015ft\u0131.<\/p>\n<p>Annesinin mevtini ni\u015fanl\u0131s\u0131n\u0131n k\u00f6pe\u011fini gezdirmeye \u00e7\u0131kard\u0131\u011f\u0131 s\u0131rada fark etti\u011fini anlatan Maureen, &#8220;Cevap vermeyince pek \u00fczerinde durmad\u0131m. Annemin konuta gidip yatmas\u0131 ve sabah beni FaceTime&#8217;dan aray\u0131p g\u00fcn\u00fcn plan\u0131n\u0131 yapmas\u0131 al\u0131\u015f\u0131lmad\u0131k bir \u015fey de\u011fildi. Esasen her g\u00fcn birlikteydik. Park halindeki otomobilin i\u00e7inde annemi hareketsiz buldum&#8221; dedi.<\/p>\n<p>Maureen&#8217;in annesinin vefat\u0131ndan evvel latife yapt\u0131\u011f\u0131 bildirisi anlatt\u0131\u011f\u0131 g\u00f6r\u00fcnt\u00fc, k\u0131sa m\u00fcddette binlerce sefer payla\u015f\u0131l\u0131p etkile\u015fim ya\u011fmuruna tutuldu. Maureen ise hala o iletinin ac\u0131s\u0131n\u0131 ya\u015fad\u0131\u011f\u0131n\u0131 aktard\u0131&#8230;<\/p>\n","protected":false},"excerpt":{"rendered":"<p>30 ya\u015f\u0131nda bir bayan, annesinin vefat\u0131yla ilgili y\u00fcrek burkan bir ayr\u0131nt\u0131s\u0131 y\u0131llar sonra toplumsal medyada payla\u015ft\u0131. Bayan\u0131n payla\u015f\u0131m\u0131, k\u0131sa m\u00fcddette epeyce fazla etkile\u015fim ald\u0131.<\/p>\n","protected":false},"author":1,"featured_media":19692,"comment_status":"open","ping_status":"open","sticky":false,"template":"","format":"standard","meta":{"footnotes":""},"categories":[43],"tags":[3473],"class_list":["post-19691","post","type-post","status-publish","format-standard","has-post-thumbnail","hentry","category-dunya","tag-annesini"],"_links":{"self":[{"href":"https:\/\/ikimisli.tr\/index.php\/wp-json\/wp\/v2\/posts\/19691","targetHints":{"allow":["GET"]}}],"collection":[{"href":"https:\/\/ikimisli.tr\/index.php\/wp-json\/wp\/v2\/posts"}],"about":[{"href":"https:\/\/ikimisli.tr\/index.php\/wp-json\/wp\/v2\/types\/post"}],"author":[{"embeddable":true,"href":"https:\/\/ikimisli.tr\/index.php\/wp-json\/wp\/v2\/users\/1"}],"replies":[{"embeddable":true,"href":"https:\/\/ikimisli.tr\/index.php\/wp-json\/wp\/v2\/comments?post=19691"}],"version-history":[{"count":1,"href":"https:\/\/ikimisli.tr\/index.php\/wp-json\/wp\/v2\/posts\/19691\/revisions"}],"predecessor-version":[{"id":19693,"href":"https:\/\/ikimisli.tr\/index.php\/wp-json\/wp\/v2\/posts\/19691\/revisions\/19693"}],"wp:featuredmedia":[{"embeddable":true,"href":"https:\/\/ikimisli.tr\/index.php\/wp-json\/wp\/v2\/media\/19692"}],"wp:attachment":[{"href":"https:\/\/ikimisli.tr\/index.php\/wp-json\/wp\/v2\/media?parent=19691"}],"wp:term":[{"taxonomy":"category","embeddable":true,"href":"https:\/\/ikimisli.tr\/index.php\/wp-json\/wp\/v2\/categories?post=19691"},{"taxonomy":"post_tag","embeddable":true,"href":"https:\/\/ikimisli.tr\/index.php\/wp-json\/wp\/v2\/tags?post=19691"}],"curies":[{"name":"wp","href":"https:\/\/api.w.org\/{rel}","templated":true}]}}