{"id":19724,"date":"2025-03-28T21:48:07","date_gmt":"2025-03-28T21:48:07","guid":{"rendered":"https:\/\/ikimisli.tr\/?p=19724"},"modified":"2025-03-28T21:48:07","modified_gmt":"2025-03-28T21:48:07","slug":"istanbulda-yanarak-can-verdi-olmeden-once-karnim-ac-dedi-100-lira-istedi","status":"publish","type":"post","link":"https:\/\/ikimisli.tr\/index.php\/2025\/03\/28\/istanbulda-yanarak-can-verdi-olmeden-once-karnim-ac-dedi-100-lira-istedi\/","title":{"rendered":"\u0130stanbul&#8217;da yanarak can verdi: \u00d6lmeden \u00f6nce &#8216;karn\u0131m a\u00e7&#8217; dedi, 100 lira istedi"},"content":{"rendered":"<p>\u0130stanbul&#8217;un \u00dcsk\u00fcdar il\u00e7esinde Yavuzt\u00fcrk Mahallesi&#8217;nde 19 Ocak&#8217;ta saat 03.15 s\u0131ralar\u0131nda bir gecekonduda yang\u0131n \u00e7\u0131kt\u0131. Gecekondudan dumanlar\u0131n \u00e7\u0131kt\u0131\u011f\u0131n\u0131 g\u00f6renlerin ihbar\u0131 \u00fczerine adrese polis, itfaiye ve s\u0131hhat gruplar\u0131 geldi. Yang\u0131n itfaiyenin m\u00fcdahalesi ile s\u00f6nd\u00fcr\u00fcld\u00fc. Gruplar\u0131n yapt\u0131\u011f\u0131 \u00e7al\u0131\u015fmalarda gecekonduda kalan Engin Y.(33) ve \u0130smail T.&#8217;nin(38) hayat\u0131n\u0131 kaybetti\u011fi belirlendi. Cenazeler, konutta yap\u0131lan olay yeri inceleme \u00e7al\u0131\u015fmalar\u0131n\u0131n akabinde \u0130simli T\u0131p Kurumu&#8217;nun morguna kald\u0131r\u0131ld\u0131.<\/p>\n<p><b>&#8216;\u00d6LMEDEN 1 SAAT EVVEL 100 L\u0130RA \u0130STED\u0130&#8217;<\/b><\/p>\n<p>Olay yerine gelen Engin Y.&#8217;nin arkada\u015f\u0131 Y\u00fcksel Ayd\u0131n, &#8220;Mahalle duman alt\u0131. \u0130tfaiyeleri g\u00f6r\u00fcnce, day\u0131m\u0131n o\u011flu aray\u0131p haber verdi. &#8216;Yang\u0131n \u00e7\u0131km\u0131\u015f Engin&#8217;lerin o tarafta&#8217; diye. \u00c7ocuklar b\u00fcsb\u00fct\u00fcn yanm\u0131\u015f, parampar\u00e7a olmu\u015f. \u00c7ocuk \u00f6lmeden bir saat evvel geldi, benden 100 lira bor\u00e7 istedi. &#8216;Karn\u0131m a\u00e7, t\u00fcp\u00fc yeni de\u011fi\u015ftirdim. Bana 100 lira ver de \u00e7ay demleyece\u011fim, ekmek alaca\u011f\u0131m&#8217; dedi&#8221; tabirlerini kulland\u0131.<\/p>\n","protected":false},"excerpt":{"rendered":"<p>\u00dcsk\u00fcdar&#8217;da gecekonduda kalan 2 \u015fah\u0131s yanarak can verdi. Hayat\u0131n\u0131 kaybedenlerden Engin Y.&#8217;nin arkada\u015f\u0131 Y\u00fcksel Ayd\u0131n &#8220;\u00c7ocuklar b\u00fcsb\u00fct\u00fcn yanm\u0131\u015f, parampar\u00e7a olmu\u015f. \u00c7ocuk \u00f6lmeden bir saat evvel geldi, benden 100 lira bor\u00e7 istedi. &#8216;Karn\u0131m a\u00e7, t\u00fcp\u00fc yeni de\u011fi\u015ftirdim. Bana 100 lira ver de \u00e7ay demleyece\u011fim, ekmek alaca\u011f\u0131m&#8217; dedi&#8221; tabirlerini kulland\u0131.<\/p>\n","protected":false},"author":1,"featured_media":19725,"comment_status":"open","ping_status":"open","sticky":false,"template":"","format":"standard","meta":{"footnotes":""},"categories":[25],"tags":[],"class_list":["post-19724","post","type-post","status-publish","format-standard","has-post-thumbnail","hentry","category-gundem"],"_links":{"self":[{"href":"https:\/\/ikimisli.tr\/index.php\/wp-json\/wp\/v2\/posts\/19724","targetHints":{"allow":["GET"]}}],"collection":[{"href":"https:\/\/ikimisli.tr\/index.php\/wp-json\/wp\/v2\/posts"}],"about":[{"href":"https:\/\/ikimisli.tr\/index.php\/wp-json\/wp\/v2\/types\/post"}],"author":[{"embeddable":true,"href":"https:\/\/ikimisli.tr\/index.php\/wp-json\/wp\/v2\/users\/1"}],"replies":[{"embeddable":true,"href":"https:\/\/ikimisli.tr\/index.php\/wp-json\/wp\/v2\/comments?post=19724"}],"version-history":[{"count":1,"href":"https:\/\/ikimisli.tr\/index.php\/wp-json\/wp\/v2\/posts\/19724\/revisions"}],"predecessor-version":[{"id":19726,"href":"https:\/\/ikimisli.tr\/index.php\/wp-json\/wp\/v2\/posts\/19724\/revisions\/19726"}],"wp:featuredmedia":[{"embeddable":true,"href":"https:\/\/ikimisli.tr\/index.php\/wp-json\/wp\/v2\/media\/19725"}],"wp:attachment":[{"href":"https:\/\/ikimisli.tr\/index.php\/wp-json\/wp\/v2\/media?parent=19724"}],"wp:term":[{"taxonomy":"category","embeddable":true,"href":"https:\/\/ikimisli.tr\/index.php\/wp-json\/wp\/v2\/categories?post=19724"},{"taxonomy":"post_tag","embeddable":true,"href":"https:\/\/ikimisli.tr\/index.php\/wp-json\/wp\/v2\/tags?post=19724"}],"curies":[{"name":"wp","href":"https:\/\/api.w.org\/{rel}","templated":true}]}}